{"id":28889,"date":"2020-02-14T17:16:15","date_gmt":"2020-02-14T16:16:15","guid":{"rendered":"https:\/\/levfestival.com\/20\/?p=28889"},"modified":"2020-02-14T17:16:15","modified_gmt":"2020-02-14T16:16:15","slug":"nuevos-nombres-para-la-edicion-14-del-l-e-v-festival-2","status":"publish","type":"post","link":"https:\/\/levfestival.com\/20\/2020\/02\/14\/nuevos-nombres-para-la-edicion-14-del-l-e-v-festival-2\/","title":{"rendered":"Nuevos nombres para la edici\u00f3n 14 del L.E.V. Festival"},"content":{"rendered":"\n<style type=\"text\/css\" data-created_by=\"avia_inline_auto\" id=\"style-css-av-k376mqq2-4893bb9c661e141e21e606dc17f1cc8c\">\n.avia-section.av-k376mqq2-4893bb9c661e141e21e606dc17f1cc8c{\nbackground-color:#000000;\nbackground-image:unset;\n}\n<\/style>\n<div id='av_section_1'  class='avia-section av-k376mqq2-4893bb9c661e141e21e606dc17f1cc8c main_color avia-section-default avia-no-border-styling  avia-builder-el-0  el_before_av_one_full  avia-builder-el-first  avia-bg-style-scroll av-minimum-height av-minimum-height-custom  container_wrap fullsize'   data-av_minimum_height_px='280'><div class='container av-section-cont-open' style='height:280px'><main  role=\"main\" itemprop=\"mainContentOfPage\"  class='template-page content  av-content-full alpha units'><div class='post-entry post-entry-type-page post-entry-28889'><div class='entry-content-wrapper clearfix'>\n\n<style type=\"text\/css\" data-created_by=\"avia_inline_auto\" id=\"style-css-av-5jrw7g6-6fe4f2d670c1f7d7bfa74b163390e4df\">\n#top .av_textblock_section.av-5jrw7g6-6fe4f2d670c1f7d7bfa74b163390e4df .avia_textblock{\ncolor:#ffffff;\n}\n<\/style>\n<section  class='av_textblock_section av-5jrw7g6-6fe4f2d670c1f7d7bfa74b163390e4df'  itemscope=\"itemscope\" itemtype=\"https:\/\/schema.org\/BlogPosting\" itemprop=\"blogPost\" ><div class='avia_textblock av_inherit_color'  itemprop=\"text\" ><h2 style=\"text-align: right\"><span style=\"color: #ffffff\">NOTICIAS<\/span><\/h2>\n<\/div><\/section>\n<\/div><\/div><\/main><!-- close content main element --><\/div><\/div><div id='after_section_1'  class='main_color av_default_container_wrap container_wrap fullsize'  ><div class='container av-section-cont-open' ><div class='template-page content  av-content-full alpha units'><div class='post-entry post-entry-type-page post-entry-28889'><div class='entry-content-wrapper clearfix'>\n\n<style type=\"text\/css\" data-created_by=\"avia_inline_auto\" id=\"style-css-av-jqwhpxst-28c7e4db625888a7a2f279da20ac86fd\">\n.flex_column.av-jqwhpxst-28c7e4db625888a7a2f279da20ac86fd{\n-webkit-border-radius:0px 0px 0px 0px;\n-moz-border-radius:0px 0px 0px 0px;\nborder-radius:0px 0px 0px 0px;\npadding:0px 0px 0px 10%;\n}\n<\/style>\n<div class='flex_column av-jqwhpxst-28c7e4db625888a7a2f279da20ac86fd av_one_full  avia-builder-el-2  el_after_av_section  avia-builder-el-no-sibling  first flex_column_div '     ><section  class='av_textblock_section av-jqtox0km-22040e295524bcba0c05201bf99d3655'  itemscope=\"itemscope\" itemtype=\"https:\/\/schema.org\/BlogPosting\" itemprop=\"blogPost\" ><div class='avia_textblock'  itemprop=\"text\" ><div class=\"page\" title=\"Page 2\">\n<div class=\"section\">\n<div class=\"layoutArea\">\n<div class=\"column\">\n<p><span style=\"color: #ef0808\"><img loading=\"lazy\" decoding=\"async\" class=\"alignnone wp-image-28434 size-full\" src=\"https:\/\/levfestival.com\/20\/wp-content\/uploads\/2020\/02\/TWITTER_LEV_2020.jpg\" alt=\"\" width=\"1500\" height=\"500\" srcset=\"https:\/\/levfestival.com\/20\/wp-content\/uploads\/sites\/13\/2020\/02\/TWITTER_LEV_2020.jpg 1500w, https:\/\/levfestival.com\/20\/wp-content\/uploads\/sites\/13\/2020\/02\/TWITTER_LEV_2020-300x100.jpg 300w, https:\/\/levfestival.com\/20\/wp-content\/uploads\/sites\/13\/2020\/02\/TWITTER_LEV_2020-1030x343.jpg 1030w, https:\/\/levfestival.com\/20\/wp-content\/uploads\/sites\/13\/2020\/02\/TWITTER_LEV_2020-768x256.jpg 768w, https:\/\/levfestival.com\/20\/wp-content\/uploads\/sites\/13\/2020\/02\/TWITTER_LEV_2020-705x235.jpg 705w\" sizes=\"auto, (max-width: 1500px) 100vw, 1500px\" \/><\/span><\/p>\n<p><span style=\"color: #4d8b3e\">&#8211;<\/span><\/p>\n<h2><span style=\"color: #4d8b3e\"><strong>Nuevos nombres para la 14 edici\u00f3n del L.E.V. Festival<\/strong><\/span><\/h2>\n<\/div>\n<ul>\n<li><strong>Squarepusher<\/strong>, el reputado artista del sello Warp, encabeza la programaci\u00f3n del L.E.V. 2020<\/li>\n<li><strong>Atari Teenage Riot<\/strong>, la cara m\u00e1s radical de la cultura digital, aterrizan en Gij\u00f3n\/Xix\u00f3n de la mano del L.E.V. Festival<\/li>\n<li>Los abonos se pondr\u00e1n a la venta este viernes 14 de febrero, a partir de las 15:30<\/li>\n<\/ul>\n<div class=\"column\">\n<p>14\/02\/2020.- Tras un primer avance en el que se confirmaba la presencia de Squarepusher con su esperad\u00edsimo nuevo \u00e1lbum <em>Be Up a Hello<\/em>, as\u00ed como la del japon\u00e9s Ryoichi Kurokawa y la de Oval, con sus respectivos nuevos proyectos, tres nombres hist\u00f3ricos se incorporan al cartel de la pr\u00f3xima edici\u00f3n del festival que se celebrar\u00e1 en Gij\u00f3n\/Xix\u00f3n del 30 de abril al 3 de mayo: <span style=\"color: #4d8b3e\"><strong>Atari Teenage Riot<\/strong><\/span>, <span style=\"color: #4d8b3e\"><strong>\u00b5-Ziq<\/strong><\/span> y <span style=\"color: #4d8b3e\"><strong>Cristian Vogel<\/strong><\/span>.<\/p>\n<p>Alec Empire vuelve al universo L.E.V., esta vez con <span style=\"color: #4d8b3e\"><strong>Atari Teenage Riot<\/strong><\/span>, una de las bandas m\u00e1s relevantes de la historia de la electr\u00f3nica. Un proyecto nacido dentro de la escena <em>hacker<\/em> y techno anarquista del Berl\u00edn de los 90, que a\u00f1os despu\u00e9s sigue rompiendo barreras con su discurso. La digitalizaci\u00f3n del esp\u00edritu punk con un directo arrollador.<\/p>\n<p>El artista chileno, <span style=\"color: #4d8b3e\"><strong>Cristian Vogel<\/strong><\/span>, lleva m\u00e1s de 25 a\u00f1os a la vanguardia de la m\u00fasica electr\u00f3nica europea. Tambi\u00e9n destacado remezclador y productor ha trabajado con bandas como Radiohead, Chicks on Speed o Thom Yorke y podremos disfrutar de su trabajo, siempre innovador e inclasificable, en esta nueva edici\u00f3n del festival.<\/p>\n<p><span style=\"color: #4d8b3e\">&#8211;<\/span><\/p>\n<p><img loading=\"lazy\" decoding=\"async\" class=\"alignnone wp-image-28437 size-full\" src=\"https:\/\/levfestival.com\/20\/wp-content\/uploads\/2020\/02\/Atari-Teenage-Riot_2019_AAA_5_RGB-scaled.jpg\" alt=\"\" width=\"2560\" height=\"1164\" \/><\/p>\n<\/div>\n<\/div>\n<\/div>\n<\/div>\n<\/div><\/section><br \/>\n<div  class='avia-slideshow av-jqwx036x-cad33a40edadcf2a461962b801fd55ff avia-slideshow-no scaling av_slideshow avia-slide-slider  avia-builder-el-4  el_after_av_textblock  el_before_av_hr  av-slideshow-ui av-control-default av-slideshow-manual av-loop-once av-loop-manual-endless avia-slideshow-1' data-slideshow-options=\"{&quot;animation&quot;:&quot;slide&quot;,&quot;autoplay&quot;:false,&quot;loop_autoplay&quot;:&quot;once&quot;,&quot;interval&quot;:5,&quot;loop_manual&quot;:&quot;manual-endless&quot;,&quot;autoplay_stopper&quot;:false,&quot;noNavigation&quot;:false,&quot;bg_slider&quot;:false,&quot;keep_padding&quot;:false,&quot;hoverpause&quot;:false,&quot;show_slide_delay&quot;:0}\"  itemprop=\"image\" itemscope=\"itemscope\" itemtype=\"https:\/\/schema.org\/ImageObject\" ><ul class='avia-slideshow-inner ' ><li  data-controls='' data-mute='' data-loop='' data-disable-autoplay='aviaTBaviaTBvideo_autoplay'  data-mobile-img='https:\/\/levfestival.com\/20\/wp-content\/uploads\/sites\/13\/2019\/11\/9addcd2c_Sleeve_Front-scaled-1.jpg' data-fallback-link='http:\/\/' data-video-ratio='1.7777777777778' class='avia-slideshow-slide av-jqwx036x-cad33a40edadcf2a461962b801fd55ff__0  av-video-slide  av-video-service-youtube  av-mobile-fallback-image  av-single-slide slide-1 slide-odd'><div data-rel='slideshow-1' class='avia-slide-wrap ' style='background-image:url(\"https:\/\/levfestival.com\/20\/wp-content\/uploads\/sites\/13\/2019\/11\/9addcd2c_Sleeve_Front-scaled-1.jpg\");'  ><div class='av-click-overlay'><\/div><div class='mejs-mediaelement'  itemprop=\"video\" itemtype=\"https:\/\/schema.org\/VideoObject\" ><div height='1600' width='900' class='av_youtube_frame' id='player_28889_358216950_1574620563'  data-autoplay='0'  data-videoid='GlhV-OKHecI'  data-hd='1'  data-rel='0'  data-wmode='opaque'  data-loop='0'  data-version='3'  data-autohide='1'  data-color='white'  data-controls='1'  data-iv_load_policy='3'  data-original_url='https:\/\/youtu.be\/GlhV-OKHecI' ><\/div><\/div><\/div><\/li><\/ul><\/div><br \/>\n<div  class='hr av-242fr6s-02c53b7a322d687898543626cc6f2594 hr-default  avia-builder-el-5  el_after_av_slideshow  el_before_av_textblock '><span class='hr-inner '><span class=\"hr-inner-style\"><\/span><\/span><\/div><br \/>\n<section  class='av_textblock_section av-jqtox0km-22040e295524bcba0c05201bf99d3655'  itemscope=\"itemscope\" itemtype=\"https:\/\/schema.org\/BlogPosting\" itemprop=\"blogPost\" ><div class='avia_textblock'  itemprop=\"text\" ><div class=\"page\" title=\"Page 2\">\n<div class=\"section\">\n<div class=\"layoutArea\">\n<div class=\"column\">\n<h2><span style=\"color: #4d8b3e\"><strong>Martin Messier, Kathy Hinde, el proyecto Zone W\/O people y Lucie Antunes en el Teatro de La Laboral<\/strong><\/span><\/h2>\n<p>El Teatro de La Laboral, un espacio en el que el Festival a\u00fana las propuestas m\u00e1s interesantes y actuales en materia audiovisual, cuenta este a\u00f1o con el estreno mundial del nuevo trabajo de <strong>Martin Messier<\/strong>. El proyecto del canadiense,<em> Echo <\/em>C<em>hamber<\/em> (c\u00e1mara de eco), se inspira en la m\u00e1quina de ultrasonidos para tratar de hacernos ver lo que es invisible e investiga bajo la superficie de lo intangible. La c\u00e1mara de eco retumba, vibra y palpita con un objetivo: trazar un mapa de nuestro subconsciente.<\/p>\n<p><span style=\"color: #4d8b3e\"><strong>Kathy Hinde<\/strong><\/span> presentar\u00e1 <em>Twittering Machine<\/em>, que traduce el poema <em>Oda a un ruise\u00f1or<\/em> de John Keats al c\u00f3digo morse y lo reinterpreta sonoramente, mientras se escuchan cantos de aves grabadas (<em>tweet<\/em> en su significado original hace referencia al piar de los p\u00e1jaros) con distintos efectos. Todo ello para conducirnos hacia una reflexi\u00f3n, y tambi\u00e9n advertirnos, sobre los efectos de la tecnolog\u00eda en la naturaleza.<\/p>\n<p>El proyecto <strong><span style=\"color: #4d8b3e\">Zone W\/O People<\/span>,<\/strong>\u00a0creado por Krampf, nos presenta un videojuego con banda sonora desarrollado por \u00e9l mismo que hace que el formato de concierto se transforme en una inusual experiencia en vivo que se desarrolla a trav\u00e9s de una partida jugada en tiempo real.<\/p>\n<p><img loading=\"lazy\" decoding=\"async\" class=\"alignnone wp-image-27764 size-full\" src=\"https:\/\/levfestival.com\/20\/wp-content\/uploads\/2019\/09\/LEVMatadero_2019_OklouKrampf_Zone-Wu200B-u200BO-People-OST_1200.jpg\" alt=\"\" width=\"1200\" height=\"600\" \/><\/p>\n<\/div>\n<div class=\"column\"><\/div>\n<\/div>\n<\/div>\n<\/div>\n<\/div><\/section><br \/>\n<section  class='av_textblock_section av-jqtox0km-22040e295524bcba0c05201bf99d3655'  itemscope=\"itemscope\" itemtype=\"https:\/\/schema.org\/BlogPosting\" itemprop=\"blogPost\" ><div class='avia_textblock'  itemprop=\"text\" ><div class=\"page\" title=\"Page 2\">\n<div class=\"section\">\n<div class=\"layoutArea\">\n<div class=\"column\">\n<p>Adem\u00e1s, la artista <span style=\"color: #4d8b3e\"><strong>Lucie Antunes<\/strong><\/span> nos acercar\u00e1 a la electr\u00f3nica m\u00e1s emocional y org\u00e1nica.\u00a0<em>Sergei<\/em>, la nueva y sofisticada propuesta de la percusionista, revela una particular visi\u00f3n de la pista de baile: m\u00fasica de corte instrumental y percusiva construida con vibr\u00e1fonos, marimbas, bater\u00eda, modulares, campanas, voces y ondas Martenot.<\/p>\n<\/div>\n<div class=\"column\"><\/div>\n<\/div>\n<\/div>\n<\/div>\n<\/div><\/section><br \/>\n<div  class='avia-slideshow av-jqwx036x-cad33a40edadcf2a461962b801fd55ff avia-slideshow-no scaling av_slideshow avia-slide-slider  avia-builder-el-8  el_after_av_textblock  el_before_av_hr  av-slideshow-ui av-control-default av-slideshow-manual av-loop-once av-loop-manual-endless avia-slideshow-2' data-slideshow-options=\"{&quot;animation&quot;:&quot;slide&quot;,&quot;autoplay&quot;:false,&quot;loop_autoplay&quot;:&quot;once&quot;,&quot;interval&quot;:5,&quot;loop_manual&quot;:&quot;manual-endless&quot;,&quot;autoplay_stopper&quot;:false,&quot;noNavigation&quot;:false,&quot;bg_slider&quot;:false,&quot;keep_padding&quot;:false,&quot;hoverpause&quot;:false,&quot;show_slide_delay&quot;:0}\"  itemprop=\"image\" itemscope=\"itemscope\" itemtype=\"https:\/\/schema.org\/ImageObject\" ><ul class='avia-slideshow-inner ' ><li  data-controls='' data-mute='' data-loop='' data-disable-autoplay='aviaTBaviaTBvideo_autoplay'  data-mobile-img='https:\/\/levfestival.com\/20\/wp-content\/uploads\/sites\/13\/2019\/11\/9addcd2c_Sleeve_Front-scaled-1.jpg' data-fallback-link='http:\/\/' data-video-ratio='1.7777777777778' class='avia-slideshow-slide av-jqwx036x-cad33a40edadcf2a461962b801fd55ff__0  av-video-slide  av-video-service-youtube  av-mobile-fallback-image  av-single-slide slide-1 slide-odd'><div data-rel='slideshow-2' class='avia-slide-wrap ' style='background-image:url(\"https:\/\/levfestival.com\/20\/wp-content\/uploads\/sites\/13\/2019\/11\/9addcd2c_Sleeve_Front-scaled-1.jpg\");'  ><div class='av-click-overlay'><\/div><div class='mejs-mediaelement'  itemprop=\"video\" itemtype=\"https:\/\/schema.org\/VideoObject\" ><div height='1600' width='900' class='av_youtube_frame' id='player_28889_45939435_1596216237'  data-autoplay='0'  data-videoid='GlhV-OKHecI'  data-hd='1'  data-rel='0'  data-wmode='opaque'  data-loop='0'  data-version='3'  data-autohide='1'  data-color='white'  data-controls='1'  data-iv_load_policy='3'  data-original_url='https:\/\/youtu.be\/GlhV-OKHecI' ><\/div><\/div><\/div><\/li><\/ul><\/div><br \/>\n<div  class='hr av-242fr6s-e5e0da1626523efec141b0837fe1580f hr-default  avia-builder-el-9  el_after_av_slideshow  el_before_av_textblock '><span class='hr-inner '><span class=\"hr-inner-style\"><\/span><\/span><\/div><br \/>\n<section  class='av_textblock_section av-jqtox0km-22040e295524bcba0c05201bf99d3655'  itemscope=\"itemscope\" itemtype=\"https:\/\/schema.org\/BlogPosting\" itemprop=\"blogPost\" ><div class='avia_textblock'  itemprop=\"text\" ><div class=\"page\" title=\"Page 2\">\n<div class=\"section\">\n<div class=\"layoutArea\">\n<div class=\"column\">\n<h2><span style=\"color: #4d8b3e\"><strong>U-Ziq, Zi\u00far y John T. Gast: la escuder\u00eda Planet Mu aterriza en el L.E.V.<\/strong><\/span><\/h2>\n<p>Mike Paradinas, tambi\u00e9n conocido como <span style=\"color: #4d8b3e\"><strong>\u00b5-Ziq<\/strong><\/span>, capo del imprescindible sello Planet Mu, aterriza junto a Zi\u00far y John T. Gast la noche del viernes 1 de mayo en la Nave de LABoral Centro de Arte. El artista posee un sonido perfectamente reconocible y personal, al tiempo que se mueve entre la experimentaci\u00f3n y la accesibilidad a trav\u00e9s de melod\u00edas y ritmos infecciosos.<span style=\"color: #4d8b3e\"> <strong>Zi\u00far<\/strong><\/span> es una de las productoras que ha provocado m\u00e1s expectaci\u00f3n en los \u00faltimos a\u00f1os. Procedente de la periferia de la m\u00fasica club de Berl\u00edn, rompe con el molde tecno para crear un sonido nuevo y emocionante a partir de influencias aparentemente irreconciliables. La tr\u00edada la completa el productor <span style=\"color: #4d8b3e\"><strong>John T. Gast<\/strong><\/span>, capaz de hechizar, aniquilar y enga\u00f1arnos a todos con sus artima\u00f1as sonoras. Sus actuaciones en directo y sus m\u00faltiples colaboraciones funcionan como un crisol que le permite adentrarse en la exploraci\u00f3n sonora.<\/p>\n<p><img loading=\"lazy\" decoding=\"async\" class=\"alignnone size-full wp-image-27925\" src=\"https:\/\/levfestival.com\/20\/wp-content\/uploads\/2020\/02\/u-ziq-mikeparadinas.jpg\" alt=\"\" width=\"1200\" height=\"600\" srcset=\"https:\/\/levfestival.com\/20\/wp-content\/uploads\/sites\/13\/2020\/02\/u-ziq-mikeparadinas.jpg 1200w, https:\/\/levfestival.com\/20\/wp-content\/uploads\/sites\/13\/2020\/02\/u-ziq-mikeparadinas-300x150.jpg 300w, https:\/\/levfestival.com\/20\/wp-content\/uploads\/sites\/13\/2020\/02\/u-ziq-mikeparadinas-1030x515.jpg 1030w, https:\/\/levfestival.com\/20\/wp-content\/uploads\/sites\/13\/2020\/02\/u-ziq-mikeparadinas-768x384.jpg 768w, https:\/\/levfestival.com\/20\/wp-content\/uploads\/sites\/13\/2020\/02\/u-ziq-mikeparadinas-705x353.jpg 705w\" sizes=\"auto, (max-width: 1200px) 100vw, 1200px\" \/><\/p>\n<\/div>\n<\/div>\n<\/div>\n<\/div>\n<\/div><\/section><br \/>\n<div  class='avia-slideshow av-jqwx036x-cad33a40edadcf2a461962b801fd55ff avia-slideshow-no scaling av_slideshow avia-slide-slider  avia-builder-el-11  el_after_av_textblock  el_before_av_hr  av-slideshow-ui av-control-default av-slideshow-manual av-loop-once av-loop-manual-endless avia-slideshow-3' data-slideshow-options=\"{&quot;animation&quot;:&quot;slide&quot;,&quot;autoplay&quot;:false,&quot;loop_autoplay&quot;:&quot;once&quot;,&quot;interval&quot;:5,&quot;loop_manual&quot;:&quot;manual-endless&quot;,&quot;autoplay_stopper&quot;:false,&quot;noNavigation&quot;:false,&quot;bg_slider&quot;:false,&quot;keep_padding&quot;:false,&quot;hoverpause&quot;:false,&quot;show_slide_delay&quot;:0}\"  itemprop=\"image\" itemscope=\"itemscope\" itemtype=\"https:\/\/schema.org\/ImageObject\" ><ul class='avia-slideshow-inner ' ><li  data-controls='' data-mute='' data-loop='' data-disable-autoplay='aviaTBaviaTBvideo_autoplay'  data-mobile-img='https:\/\/levfestival.com\/20\/wp-content\/uploads\/sites\/13\/2019\/11\/9addcd2c_Sleeve_Front-scaled-1.jpg' data-fallback-link='http:\/\/' data-video-ratio='1.7777777777778' class='avia-slideshow-slide av-jqwx036x-cad33a40edadcf2a461962b801fd55ff__0  av-video-slide  av-video-service-youtube  av-mobile-fallback-image  av-single-slide slide-1 slide-odd'><div data-rel='slideshow-3' class='avia-slide-wrap ' style='background-image:url(\"https:\/\/levfestival.com\/20\/wp-content\/uploads\/sites\/13\/2019\/11\/9addcd2c_Sleeve_Front-scaled-1.jpg\");'  ><div class='av-click-overlay'><\/div><div class='mejs-mediaelement'  itemprop=\"video\" itemtype=\"https:\/\/schema.org\/VideoObject\" ><div height='1600' width='900' class='av_youtube_frame' id='player_28889_1817512581_492058883'  data-autoplay='0'  data-videoid='GlhV-OKHecI'  data-hd='1'  data-rel='0'  data-wmode='opaque'  data-loop='0'  data-version='3'  data-autohide='1'  data-color='white'  data-controls='1'  data-iv_load_policy='3'  data-original_url='https:\/\/youtu.be\/GlhV-OKHecI' ><\/div><\/div><\/div><\/li><\/ul><\/div><br \/>\n<div  class='hr av-242fr6s-e5e0da1626523efec141b0837fe1580f hr-default  avia-builder-el-12  el_after_av_slideshow  el_before_av_textblock '><span class='hr-inner '><span class=\"hr-inner-style\"><\/span><\/span><\/div><br \/>\n<section  class='av_textblock_section av-jqtox0km-22040e295524bcba0c05201bf99d3655'  itemscope=\"itemscope\" itemtype=\"https:\/\/schema.org\/BlogPosting\" itemprop=\"blogPost\" ><div class='avia_textblock'  itemprop=\"text\" ><div class=\"page\" title=\"Page 2\">\n<div class=\"section\">\n<div class=\"layoutArea\">\n<div class=\"column\">\n<h2><span style=\"color: #4d8b3e\"><strong>Zo\u00eb Mc Pherson &amp; Alessandra Leone y Murlo: narrativa experimental en los directos audiovisuales<\/strong><\/span><\/h2>\n<p>Tambi\u00e9n en la Nave de LABoral, esta vez el s\u00e1bado 2 de mayo, dos proyectos audiovisuales muy personales nos invitan a explorar nuevas formas narrativas.<\/p>\n<p><span style=\"color: #4d8b3e\"><strong>Zo\u00eb Mc Pherson<\/strong><strong>\u00a0&amp;\u00a0<\/strong><strong>Alessandra Leone<\/strong><\/span> presentan <em>String Figures<\/em>, un proyecto art\u00edstico basado en el juego del cordel, practicado desde tiempos inmemoriales, que conecta el folclore con la red digital global. Una creaci\u00f3n transmedia desarrollada en siete cap\u00edtulos, en la que m\u00fasica, cine, coreograf\u00eda, 3D y macrofotograf\u00eda se al\u00edan para ofrecernos unas im\u00e1genes de deslumbrante belleza.<\/p>\n<\/div>\n<\/div>\n<\/div>\n<\/div>\n<\/div><\/section><br \/>\n<div  class='avia-slideshow av-jqwx036x-cad33a40edadcf2a461962b801fd55ff avia-slideshow-no scaling av_slideshow avia-slide-slider  avia-builder-el-14  el_after_av_textblock  el_before_av_textblock  av-slideshow-ui av-control-default av-slideshow-manual av-loop-once av-loop-manual-endless avia-slideshow-4' data-slideshow-options=\"{&quot;animation&quot;:&quot;slide&quot;,&quot;autoplay&quot;:false,&quot;loop_autoplay&quot;:&quot;once&quot;,&quot;interval&quot;:5,&quot;loop_manual&quot;:&quot;manual-endless&quot;,&quot;autoplay_stopper&quot;:false,&quot;noNavigation&quot;:false,&quot;bg_slider&quot;:false,&quot;keep_padding&quot;:false,&quot;hoverpause&quot;:false,&quot;show_slide_delay&quot;:0}\"  itemprop=\"image\" itemscope=\"itemscope\" itemtype=\"https:\/\/schema.org\/ImageObject\" ><ul class='avia-slideshow-inner ' ><li  data-controls='' data-mute='' data-loop='' data-disable-autoplay='aviaTBaviaTBvideo_autoplay'  data-mobile-img='https:\/\/levfestival.com\/20\/wp-content\/uploads\/sites\/13\/2019\/11\/9addcd2c_Sleeve_Front-scaled-1.jpg' data-fallback-link='http:\/\/' data-video-ratio='1.7777777777778' class='avia-slideshow-slide av-jqwx036x-cad33a40edadcf2a461962b801fd55ff__0  av-video-slide  av-video-service-youtube  av-mobile-fallback-image  av-single-slide slide-1 slide-odd'><div data-rel='slideshow-4' class='avia-slide-wrap ' style='background-image:url(\"https:\/\/levfestival.com\/20\/wp-content\/uploads\/sites\/13\/2019\/11\/9addcd2c_Sleeve_Front-scaled-1.jpg\");'  ><div class='av-click-overlay'><\/div><div class='mejs-mediaelement'  itemprop=\"video\" itemtype=\"https:\/\/schema.org\/VideoObject\" ><div height='1600' width='900' class='av_youtube_frame' id='player_28889_514334939_522421501'  data-autoplay='0'  data-videoid='GlhV-OKHecI'  data-hd='1'  data-rel='0'  data-wmode='opaque'  data-loop='0'  data-version='3'  data-autohide='1'  data-color='white'  data-controls='1'  data-iv_load_policy='3'  data-original_url='https:\/\/youtu.be\/GlhV-OKHecI' ><\/div><\/div><\/div><\/li><\/ul><\/div><br \/>\n<section  class='av_textblock_section av-jqtox0km-22040e295524bcba0c05201bf99d3655'  itemscope=\"itemscope\" itemtype=\"https:\/\/schema.org\/BlogPosting\" itemprop=\"blogPost\" ><div class='avia_textblock'  itemprop=\"text\" ><div class=\"page\" title=\"Page 2\">\n<div class=\"section\">\n<div class=\"layoutArea\">\n<div class=\"column\">\n<p>El artista y productor de Manchester conocido como <strong><span style=\"color: #4d8b3e\">Murlo<\/span> <\/strong>presenta en el L.E.V. su \u00e1lbum debut <em>Dolos<\/em>. Un original proyecto que incluye 15 cortes que van acompa\u00f1ados de una novela gr\u00e1fica, escrita e ilustrada por el propio Murlo en el que se cuenta \u00abla historia de un hombre que escapa de la ciudad en busca de consuelo\u00bb. En el escenario, el c\u00f3mic estalla en imagen animada a trav\u00e9s del espectro electr\u00f3nico del grime, garaje, r&amp;b, trance, funky y ambient en directo. Toda una lecci\u00f3n de c\u00f3mo construir una narraci\u00f3n en el \u00e1mbito de la m\u00fasica de baile.<\/p>\n<\/div>\n<\/div>\n<\/div>\n<\/div>\n<\/div><\/section><br \/>\n<div  class='avia-slideshow av-jqwx036x-cad33a40edadcf2a461962b801fd55ff avia-slideshow-no scaling av_slideshow avia-slide-slider  avia-builder-el-16  el_after_av_textblock  el_before_av_hr  av-slideshow-ui av-control-default av-slideshow-manual av-loop-once av-loop-manual-endless avia-slideshow-5' data-slideshow-options=\"{&quot;animation&quot;:&quot;slide&quot;,&quot;autoplay&quot;:false,&quot;loop_autoplay&quot;:&quot;once&quot;,&quot;interval&quot;:5,&quot;loop_manual&quot;:&quot;manual-endless&quot;,&quot;autoplay_stopper&quot;:false,&quot;noNavigation&quot;:false,&quot;bg_slider&quot;:false,&quot;keep_padding&quot;:false,&quot;hoverpause&quot;:false,&quot;show_slide_delay&quot;:0}\"  itemprop=\"image\" itemscope=\"itemscope\" itemtype=\"https:\/\/schema.org\/ImageObject\" ><ul class='avia-slideshow-inner ' ><li  data-controls='' data-mute='' data-loop='' data-disable-autoplay='aviaTBaviaTBvideo_autoplay'  data-mobile-img='https:\/\/levfestival.com\/20\/wp-content\/uploads\/sites\/13\/2019\/11\/9addcd2c_Sleeve_Front-scaled-1.jpg' data-fallback-link='http:\/\/' data-video-ratio='1.7777777777778' class='avia-slideshow-slide av-jqwx036x-cad33a40edadcf2a461962b801fd55ff__0  av-video-slide  av-video-service-youtube  av-mobile-fallback-image  av-single-slide slide-1 slide-odd'><div data-rel='slideshow-5' class='avia-slide-wrap ' style='background-image:url(\"https:\/\/levfestival.com\/20\/wp-content\/uploads\/sites\/13\/2019\/11\/9addcd2c_Sleeve_Front-scaled-1.jpg\");'  ><div class='av-click-overlay'><\/div><div class='mejs-mediaelement'  itemprop=\"video\" itemtype=\"https:\/\/schema.org\/VideoObject\" ><div height='1600' width='900' class='av_youtube_frame' id='player_28889_1936840723_132420796'  data-autoplay='0'  data-videoid='GlhV-OKHecI'  data-hd='1'  data-rel='0'  data-wmode='opaque'  data-loop='0'  data-version='3'  data-autohide='1'  data-color='white'  data-controls='1'  data-iv_load_policy='3'  data-original_url='https:\/\/youtu.be\/GlhV-OKHecI' ><\/div><\/div><\/div><\/li><\/ul><\/div><br \/>\n<div  class='hr av-242fr6s-e5e0da1626523efec141b0837fe1580f hr-default  avia-builder-el-17  el_after_av_slideshow  el_before_av_textblock '><span class='hr-inner '><span class=\"hr-inner-style\"><\/span><\/span><\/div><br \/>\n<section  class='av_textblock_section av-jqtox0km-22040e295524bcba0c05201bf99d3655'  itemscope=\"itemscope\" itemtype=\"https:\/\/schema.org\/BlogPosting\" itemprop=\"blogPost\" ><div class='avia_textblock'  itemprop=\"text\" ><div class=\"page\" title=\"Page 2\">\n<div class=\"section\">\n<div class=\"layoutArea\">\n<div class=\"column\">\n<h2><span style=\"color: #4d8b3e\"><strong>Arandel, Jana Rush y Promising\/Youngster: jornada matinal del s\u00e1bado en el Mus\u00e9u del Pueblu d&#8217;Asturies <\/strong><\/span><\/h2>\n<p>La ma\u00f1ana del s\u00e1bado vuelve a centrarse en una localizaci\u00f3n ideal para disfrutar al aire libre que encandil\u00f3 al p\u00fablico de la pasada edici\u00f3n.<\/p>\n<p><span style=\"color: #4d8b3e\"><strong>Arandel<\/strong><\/span> presentar\u00e1 en el Mus\u00e9u del Pueblu d\u2019Asturies su nuevo \u00e1lbum <em>InBach<\/em>, primer volumen de una colaboraci\u00f3n entre el sello InFin\u00e9 y el Mus\u00e9e de la Musique de la Philharmonie de Par\u00eds: una colecci\u00f3n de grabaciones interpretadas con los valiosos instrumentos del museo. La mirada personal del productor y m\u00fasico parisino se posa sobre la obra inmensa y atemporal de Johann Sebastian Bach, experimentando con sonidos actuales y cl\u00e1sicos que se mezclan entre s\u00ed. Para afrontar esta aventura, Arandel se rode\u00f3 de excepcionales artistas de la m\u00fasica cl\u00e1sica y contempor\u00e1nea como Gaspar Claus, Vanessa Wagner, Areski o Thomas Bloch.<\/p>\n<\/div>\n<div class=\"column\"><\/div>\n<\/div>\n<\/div>\n<\/div>\n<\/div><\/section><br \/>\n<div  class='avia-slideshow av-jqwx036x-cad33a40edadcf2a461962b801fd55ff avia-slideshow-no scaling av_slideshow avia-slide-slider  avia-builder-el-19  el_after_av_textblock  el_before_av_textblock  av-slideshow-ui av-control-default av-slideshow-manual av-loop-once av-loop-manual-endless avia-slideshow-6' data-slideshow-options=\"{&quot;animation&quot;:&quot;slide&quot;,&quot;autoplay&quot;:false,&quot;loop_autoplay&quot;:&quot;once&quot;,&quot;interval&quot;:5,&quot;loop_manual&quot;:&quot;manual-endless&quot;,&quot;autoplay_stopper&quot;:false,&quot;noNavigation&quot;:false,&quot;bg_slider&quot;:false,&quot;keep_padding&quot;:false,&quot;hoverpause&quot;:false,&quot;show_slide_delay&quot;:0}\"  itemprop=\"image\" itemscope=\"itemscope\" itemtype=\"https:\/\/schema.org\/ImageObject\" ><ul class='avia-slideshow-inner ' ><li  data-controls='' data-mute='' data-loop='' data-disable-autoplay='aviaTBaviaTBvideo_autoplay'  data-mobile-img='https:\/\/levfestival.com\/20\/wp-content\/uploads\/sites\/13\/2019\/11\/9addcd2c_Sleeve_Front-scaled-1.jpg' data-fallback-link='http:\/\/' data-video-ratio='1.7777777777778' class='avia-slideshow-slide av-jqwx036x-cad33a40edadcf2a461962b801fd55ff__0  av-video-slide  av-video-service-youtube  av-mobile-fallback-image  av-single-slide slide-1 slide-odd'><div data-rel='slideshow-6' class='avia-slide-wrap ' style='background-image:url(\"https:\/\/levfestival.com\/20\/wp-content\/uploads\/sites\/13\/2019\/11\/9addcd2c_Sleeve_Front-scaled-1.jpg\");'  ><div class='av-click-overlay'><\/div><div class='mejs-mediaelement'  itemprop=\"video\" itemtype=\"https:\/\/schema.org\/VideoObject\" ><div height='1600' width='900' class='av_youtube_frame' id='player_28889_1069149258_186588151'  data-autoplay='0'  data-videoid='GlhV-OKHecI'  data-hd='1'  data-rel='0'  data-wmode='opaque'  data-loop='0'  data-version='3'  data-autohide='1'  data-color='white'  data-controls='1'  data-iv_load_policy='3'  data-original_url='https:\/\/youtu.be\/GlhV-OKHecI' ><\/div><\/div><\/div><\/li><\/ul><\/div><br \/>\n<section  class='av_textblock_section av-jqtox0km-22040e295524bcba0c05201bf99d3655'  itemscope=\"itemscope\" itemtype=\"https:\/\/schema.org\/BlogPosting\" itemprop=\"blogPost\" ><div class='avia_textblock'  itemprop=\"text\" ><div class=\"page\" title=\"Page 2\">\n<div class=\"section\">\n<div class=\"layoutArea\">\n<div class=\"column\">\n<p>La americana <span style=\"color: #4d8b3e\"><strong>Jana Rush<\/strong> <\/span>llenar\u00e1 el escenario con su personal sonido footwork deconstruido, con referencias jungle, acid, soul o jazz. Jana, que comenz\u00f3 a pinchar a la temprana edad de diez a\u00f1os, sigue por el camino de la producci\u00f3n hasta la publicaci\u00f3n en 2017 de su aclamado LP debut <em>Pariah,<\/em> con el sello Planet Mu, que la posiciona dentro de la escena.<\/p>\n<p><img loading=\"lazy\" decoding=\"async\" class=\"alignnone size-full wp-image-27921\" src=\"https:\/\/levfestival.com\/20\/wp-content\/uploads\/2020\/02\/jana-rush.jpg\" alt=\"\" width=\"1200\" height=\"600\" srcset=\"https:\/\/levfestival.com\/20\/wp-content\/uploads\/sites\/13\/2020\/02\/jana-rush.jpg 1200w, https:\/\/levfestival.com\/20\/wp-content\/uploads\/sites\/13\/2020\/02\/jana-rush-300x150.jpg 300w, https:\/\/levfestival.com\/20\/wp-content\/uploads\/sites\/13\/2020\/02\/jana-rush-1030x515.jpg 1030w, https:\/\/levfestival.com\/20\/wp-content\/uploads\/sites\/13\/2020\/02\/jana-rush-768x384.jpg 768w, https:\/\/levfestival.com\/20\/wp-content\/uploads\/sites\/13\/2020\/02\/jana-rush-705x353.jpg 705w\" sizes=\"auto, (max-width: 1200px) 100vw, 1200px\" \/><\/p>\n<\/div>\n<\/div>\n<\/div>\n<\/div>\n<\/div><\/section><br \/>\n<section  class='av_textblock_section av-jqtox0km-22040e295524bcba0c05201bf99d3655'  itemscope=\"itemscope\" itemtype=\"https:\/\/schema.org\/BlogPosting\" itemprop=\"blogPost\" ><div class='avia_textblock'  itemprop=\"text\" ><div class=\"page\" title=\"Page 2\">\n<div class=\"section\">\n<div class=\"layoutArea\">\n<div class=\"column\">\n<p>El fresco y estimulante artista <span style=\"color: #4d8b3e\"><strong>Promising\/Youngster<\/strong><\/span> estar\u00e1 presente con su peculiar fusi\u00f3n de IDM: downtempo, ambient y shoegaze llevado al directo a trav\u00e9s de m\u00faltiple instrumentaci\u00f3n hardware.<\/p>\n<\/div>\n<\/div>\n<\/div>\n<\/div>\n<\/div><\/section><br \/>\n<div  class='hr av-242fr6s-e5e0da1626523efec141b0837fe1580f hr-default  avia-builder-el-22  el_after_av_textblock  el_before_av_textblock '><span class='hr-inner '><span class=\"hr-inner-style\"><\/span><\/span><\/div><br \/>\n<section  class='av_textblock_section av-jqtox0km-22040e295524bcba0c05201bf99d3655'  itemscope=\"itemscope\" itemtype=\"https:\/\/schema.org\/BlogPosting\" itemprop=\"blogPost\" ><div class='avia_textblock'  itemprop=\"text\" ><div class=\"page\" title=\"Page 2\">\n<div class=\"section\">\n<div class=\"layoutArea\">\n<div class=\"column\">\n<h2><span style=\"color: #4d8b3e\"><strong>MSHR y Julien Desprez: programa vespertino en la Caja Esc\u00e9nica del Teatro de la Laboral<\/strong><\/span><\/h2>\n<p>La 14 edici\u00f3n del L.E.V. arrancar\u00e1 el jueves 30 de abril desde la Caja Esc\u00e9nica del Teatro de la Laboral, y lo har\u00e1 con dos propuestas inmersas en el universo de la experimentaci\u00f3n.<\/p>\n<p><span style=\"color: #4d8b3e\"><strong>MSHR<\/strong><\/span>, es el nombre art\u00edstico de Brenna Murphy y Birch Cooper. El d\u00fao de Portland construye y explora sistemas electr\u00f3nicos escult\u00f3ricos. Su colorida propuesta en vivo consiste en un ritual sonoro creado con software y sintetizadores anal\u00f3gicos, fabricados por el propio d\u00fao, con el fin de jugar con las respuestas de la luz y el movimiento.<\/p>\n<\/div>\n<\/div>\n<\/div>\n<\/div>\n<\/div><\/section><br \/>\n<div  class='avia-slideshow av-jqwx036x-cad33a40edadcf2a461962b801fd55ff avia-slideshow-no scaling av_slideshow avia-slide-slider  avia-builder-el-24  el_after_av_textblock  el_before_av_textblock  av-slideshow-ui av-control-default av-slideshow-manual av-loop-once av-loop-manual-endless avia-slideshow-7' data-slideshow-options=\"{&quot;animation&quot;:&quot;slide&quot;,&quot;autoplay&quot;:false,&quot;loop_autoplay&quot;:&quot;once&quot;,&quot;interval&quot;:5,&quot;loop_manual&quot;:&quot;manual-endless&quot;,&quot;autoplay_stopper&quot;:false,&quot;noNavigation&quot;:false,&quot;bg_slider&quot;:false,&quot;keep_padding&quot;:false,&quot;hoverpause&quot;:false,&quot;show_slide_delay&quot;:0}\"  itemprop=\"image\" itemscope=\"itemscope\" itemtype=\"https:\/\/schema.org\/ImageObject\" ><ul class='avia-slideshow-inner ' ><li  data-controls='' data-mute='' data-loop='' data-disable-autoplay='aviaTBaviaTBvideo_autoplay'  data-mobile-img='https:\/\/levfestival.com\/20\/wp-content\/uploads\/sites\/13\/2019\/11\/9addcd2c_Sleeve_Front-scaled-1.jpg' data-fallback-link='http:\/\/' data-video-ratio='1.7777777777778' class='avia-slideshow-slide av-jqwx036x-cad33a40edadcf2a461962b801fd55ff__0  av-video-slide  av-video-service-youtube  av-mobile-fallback-image  av-single-slide slide-1 slide-odd'><div data-rel='slideshow-7' class='avia-slide-wrap ' style='background-image:url(\"https:\/\/levfestival.com\/20\/wp-content\/uploads\/sites\/13\/2019\/11\/9addcd2c_Sleeve_Front-scaled-1.jpg\");'  ><div class='av-click-overlay'><\/div><div class='mejs-mediaelement'  itemprop=\"video\" itemtype=\"https:\/\/schema.org\/VideoObject\" ><div height='1600' width='900' class='av_youtube_frame' id='player_28889_1326383545_565789673'  data-autoplay='0'  data-videoid='GlhV-OKHecI'  data-hd='1'  data-rel='0'  data-wmode='opaque'  data-loop='0'  data-version='3'  data-autohide='1'  data-color='white'  data-controls='1'  data-iv_load_policy='3'  data-original_url='https:\/\/youtu.be\/GlhV-OKHecI' ><\/div><\/div><\/div><\/li><\/ul><\/div><br \/>\n<section  class='av_textblock_section av-jqtox0km-22040e295524bcba0c05201bf99d3655'  itemscope=\"itemscope\" itemtype=\"https:\/\/schema.org\/BlogPosting\" itemprop=\"blogPost\" ><div class='avia_textblock'  itemprop=\"text\" ><div class=\"page\" title=\"Page 2\">\n<div class=\"section\">\n<div class=\"layoutArea\">\n<div class=\"column\">\n<p><span style=\"color: #4d8b3e\"><strong>Julien Desprez<\/strong><\/span>, el joven guitarrista franc\u00e9s, presentar\u00e1 <em>Acapulco Redux<\/em>, su trabajo m\u00e1s reciente, en el que con su guitarra y un juego de luces blancas estrobosc\u00f3picas consigue una verdadera descarga de energ\u00eda. Utiliza el instrumento de una forma poco convencional (parece que sus manos bailen sobre los acordes), al igual que los m\u00faltiples pedales de efectos con los que controla sonido y luz.<\/p>\n<\/div>\n<\/div>\n<\/div>\n<\/div>\n<\/div><\/section><br \/>\n<div  class='avia-slideshow av-jqwx036x-cad33a40edadcf2a461962b801fd55ff avia-slideshow-no scaling av_slideshow avia-slide-slider  avia-builder-el-26  el_after_av_textblock  el_before_av_hr  av-slideshow-ui av-control-default av-slideshow-manual av-loop-once av-loop-manual-endless avia-slideshow-8' data-slideshow-options=\"{&quot;animation&quot;:&quot;slide&quot;,&quot;autoplay&quot;:false,&quot;loop_autoplay&quot;:&quot;once&quot;,&quot;interval&quot;:5,&quot;loop_manual&quot;:&quot;manual-endless&quot;,&quot;autoplay_stopper&quot;:false,&quot;noNavigation&quot;:false,&quot;bg_slider&quot;:false,&quot;keep_padding&quot;:false,&quot;hoverpause&quot;:false,&quot;show_slide_delay&quot;:0}\"  itemprop=\"image\" itemscope=\"itemscope\" itemtype=\"https:\/\/schema.org\/ImageObject\" ><ul class='avia-slideshow-inner ' ><li  data-controls='' data-mute='' data-loop='' data-disable-autoplay='aviaTBaviaTBvideo_autoplay'  data-mobile-img='https:\/\/levfestival.com\/20\/wp-content\/uploads\/sites\/13\/2019\/11\/9addcd2c_Sleeve_Front-scaled-1.jpg' data-fallback-link='http:\/\/' data-video-ratio='1.7777777777778' class='avia-slideshow-slide av-jqwx036x-cad33a40edadcf2a461962b801fd55ff__0  av-video-slide  av-video-service-youtube  av-mobile-fallback-image  av-single-slide slide-1 slide-odd'><div data-rel='slideshow-8' class='avia-slide-wrap ' style='background-image:url(\"https:\/\/levfestival.com\/20\/wp-content\/uploads\/sites\/13\/2019\/11\/9addcd2c_Sleeve_Front-scaled-1.jpg\");'  ><div class='av-click-overlay'><\/div><div class='mejs-mediaelement'  itemprop=\"video\" itemtype=\"https:\/\/schema.org\/VideoObject\" ><div height='1600' width='900' class='av_youtube_frame' id='player_28889_1488332625_1481076690'  data-autoplay='0'  data-videoid='GlhV-OKHecI'  data-hd='1'  data-rel='0'  data-wmode='opaque'  data-loop='0'  data-version='3'  data-autohide='1'  data-color='white'  data-controls='1'  data-iv_load_policy='3'  data-original_url='https:\/\/youtu.be\/GlhV-OKHecI' ><\/div><\/div><\/div><\/li><\/ul><\/div><br \/>\n<div  class='hr av-242fr6s-e5e0da1626523efec141b0837fe1580f hr-default  avia-builder-el-27  el_after_av_slideshow  el_before_av_textblock '><span class='hr-inner '><span class=\"hr-inner-style\"><\/span><\/span><\/div><br \/>\n<section  class='av_textblock_section av-jqtox0km-22040e295524bcba0c05201bf99d3655'  itemscope=\"itemscope\" itemtype=\"https:\/\/schema.org\/BlogPosting\" itemprop=\"blogPost\" ><div class='avia_textblock'  itemprop=\"text\" ><div class=\"page\" title=\"Page 2\">\n<div class=\"section\">\n<div class=\"layoutArea\">\n<div class=\"column\">\n<h2><span style=\"color: #4d8b3e\"><strong>Venta de entradas<\/strong><\/span><\/h2>\n<p>Los abonos y las entradas para la sesi\u00f3n del jueves en la Caja Esc\u00e9nica del Teatro de la Laboral estar\u00e1n disponibles este viernes, 14 de febrero, a partir de las 15:30 a trav\u00e9s de la web del Festival: www.levfestival.com<\/p>\n<p>\u00a1No te quedes sin ellas!<\/p>\n<p>Pr\u00f3ximamente nuevas confirmaciones.<\/p>\n<p>Las entradas para otras actividades espec\u00edficas, como las programadas en el Jard\u00edn Bot\u00e1nico Atl\u00e1ntico saldr\u00e1n a la venta pr\u00f3ximamente.<\/p>\n<\/div>\n<\/div>\n<\/div>\n<\/div>\n<\/div><\/section><br \/>\n<div  class='hr av-242fr6s-e5e0da1626523efec141b0837fe1580f hr-default  avia-builder-el-29  el_after_av_textblock  el_before_av_textblock '><span class='hr-inner '><span class=\"hr-inner-style\"><\/span><\/span><\/div><br \/>\n<section  class='av_textblock_section av-jqtox0km-22040e295524bcba0c05201bf99d3655'  itemscope=\"itemscope\" itemtype=\"https:\/\/schema.org\/BlogPosting\" itemprop=\"blogPost\" ><div class='avia_textblock'  itemprop=\"text\" ><div class=\"page\" title=\"Page 2\">\n<div class=\"section\">\n<div class=\"layoutArea\">\n<div class=\"column\">\n<p><span style=\"color: #4d8b3e\"><strong>L.E.V. Festival <\/strong>en Gij\u00f3n\/Xix\u00f3n, una iniciativa coproducida por el Gobierno del Principado de Asturias, el Ayuntamiento de Gij\u00f3n\/Xix\u00f3n, LABoral Centro de Arte y el colectivo DATATRON, mantiene la inquietud de seguir rastreando la evoluci\u00f3n de los nuevos lenguajes electr\u00f3nicos y audiovisuales situados a la vanguardia de la creatividad digital.<\/span><\/p>\n<\/div>\n<\/div>\n<\/div>\n<\/div>\n<\/div><\/section><br \/>\n<div  class='hr av-242fr6s-e5e0da1626523efec141b0837fe1580f hr-default  avia-builder-el-31  el_after_av_textblock  el_before_av_textblock '><span class='hr-inner '><span class=\"hr-inner-style\"><\/span><\/span><\/div><br \/>\n<section  class='av_textblock_section av-jqtox0km-22040e295524bcba0c05201bf99d3655'  itemscope=\"itemscope\" itemtype=\"https:\/\/schema.org\/BlogPosting\" itemprop=\"blogPost\" ><div class='avia_textblock'  itemprop=\"text\" ><div class=\"page\" title=\"Page 2\">\n<div class=\"section\">\n<div class=\"layoutArea\">\n<div class=\"column\">\n<p style=\"margin: 0cm 0cm 8.0pt 0cm\"><b><span lang=\"ES\" style=\"font-size: 14.0pt;font-family: Calibri;color: #4d8b3e\">L.E.V. FESTIVAL 2020\u00a0<\/span><\/b><\/p>\n<p style=\"margin: 0cm 0cm 8.0pt 0cm\"><b><span lang=\"ES\" style=\"font-family: Calibri;color: #4d8b3e\">LABORATORIO DE ELECTR\u00d3NICA VISUAL | Edici\u00f3n 14\u00a0<\/span><\/b><\/p>\n<p>Squarepusher [Warp, Uk]<\/p>\n<p>Atari Teenage Riot [Digital Hardcore, De]<\/p>\n<p>Ryoichi Kurokawa: <em>subassemblies<\/em> \u2028[Jp]<\/p>\n<p>Martin Messier: <em>Echo Chamber<\/em> \u2028[Ca] (World premiere)<\/p>\n<p>u-Ziq <em>Live<\/em> [Planet Mu, Uk]<\/p>\n<p>Jana Rush <em>Live<\/em> [Planet Mu, Usa]<\/p>\n<p>Cristian Vogel <em>Live<\/em> [NeverEngine Labs, Dk]<\/p>\n<p>Oval <em>Live Av<\/em> [Thrill Jockey, De]<\/p>\n<p>Zi\u00far <em>Live<\/em> [Planet Mu, De]<\/p>\n<p>Zone W\/O People <em>Live Av<\/em> \u00a0[Fr]<\/p>\n<p>Zo\u00eb Mc Pherson &amp; Alessandra Leone: <em>String Figures Live Av <\/em>\u2028[SVS Records, Fr\/De]<\/p>\n<p>Arandel: <em>InBach Live<\/em> [Infin\u00e9. Fr]<\/p>\n<p>Murlo: <em>Dolos Live Av<\/em> [Coil Records, Uk]<\/p>\n<p>Lucie Antunes: <em>Serge\u00ef<\/em> <em>Live<\/em> [Crybaby \/ Infin\u00e9. Fr]<\/p>\n<p>Kathy Hinde: <em>Twittering Machines<\/em> <em>Live Av<\/em> \u2028[Uk]<\/p>\n<p>MSHR <em>Live performance<\/em> \u2028[Usa]<\/p>\n<p>John T. Gast [Planet Mu, Uk]<\/p>\n<p>Julien Desprez: <em>Acapulco Redux<\/em> [Fr]<\/p>\n<p>Promising\/Youngster <em>Live <\/em>[Several Roots \/ Sin Hilo. Es]<\/p>\n<p>M\u00e1s nombres por confirmar!<\/p>\n<p><span style=\"color: #4d8b3e\">&#8211;<\/span><\/p>\n<\/div>\n<\/div>\n<\/div>\n<\/div>\n<\/div><\/section><br \/>\n\n<style type=\"text\/css\" data-created_by=\"avia_inline_auto\" id=\"style-css-av-2ypf73a-b7ddf5b5fa28d69f905060c309d18ab6\">\n#top .hr.av-2ypf73a-b7ddf5b5fa28d69f905060c309d18ab6{\nmargin-top:10px;\nmargin-bottom:30px;\n}\n.hr.av-2ypf73a-b7ddf5b5fa28d69f905060c309d18ab6 .hr-inner{\nwidth:100%;\n}\n<\/style>\n<div  class='hr av-2ypf73a-b7ddf5b5fa28d69f905060c309d18ab6 hr-custom  avia-builder-el-33  el_after_av_textblock  el_before_av_textblock  hr-center hr-icon-no'><span class='hr-inner inner-border-av-border-thin'><span class=\"hr-inner-style\"><\/span><\/span><\/div><br \/>\n<section  class='av_textblock_section av-jqtox0km-9d94b801c0d7fc6cea58697c1b5a318c'  itemscope=\"itemscope\" itemtype=\"https:\/\/schema.org\/BlogPosting\" itemprop=\"blogPost\" ><div class='avia_textblock'  itemprop=\"text\" ><div class=\"page\" title=\"Page 2\">\n<div class=\"section\">\n<div class=\"layoutArea\">\n<div class=\"column\">\n<p><img loading=\"lazy\" decoding=\"async\" class=\"alignnone wp-image-28877 size-full\" src=\"https:\/\/levfestival.com\/20\/wp-content\/uploads\/2020\/02\/LEV_2020-V_def.jpg\" alt=\"\" width=\"1648\" height=\"2382\" \/><\/p>\n<\/div>\n<\/div>\n<\/div>\n<\/div>\n<\/div><\/section><br \/>\n\n<style type=\"text\/css\" data-created_by=\"avia_inline_auto\" id=\"style-css-av-2ypf73a-b7ddf5b5fa28d69f905060c309d18ab6\">\n#top .hr.av-2ypf73a-b7ddf5b5fa28d69f905060c309d18ab6{\nmargin-top:10px;\nmargin-bottom:30px;\n}\n.hr.av-2ypf73a-b7ddf5b5fa28d69f905060c309d18ab6 .hr-inner{\nwidth:100%;\n}\n<\/style>\n<div  class='hr av-2ypf73a-b7ddf5b5fa28d69f905060c309d18ab6 hr-custom  avia-builder-el-35  el_after_av_textblock  el_before_av_textblock  hr-center hr-icon-no'><span class='hr-inner inner-border-av-border-thin'><span class=\"hr-inner-style\"><\/span><\/span><\/div><br \/>\n<section  class='av_textblock_section av-jqtox0km-22040e295524bcba0c05201bf99d3655'  itemscope=\"itemscope\" itemtype=\"https:\/\/schema.org\/BlogPosting\" itemprop=\"blogPost\" ><div class='avia_textblock'  itemprop=\"text\" ><p><span style=\"color: #4d8b08\"><strong>M\u00e1s informaci\u00f3n:<\/strong><\/span> <a href=\"https:\/\/levfestival.com\/20\/\">www.levfestival.com<\/a><\/p>\n<p>#LEVFestival #FestivalLEV<\/p>\n<p>\u2013<\/p>\n<p><span style=\"color: #4d8b08\"><strong>Contacto de prensa:<\/strong><\/span><\/p>\n<p>Pilar Rodr\u00edguez | prensa@levfestival.org | M. 628 942 699<\/p>\n<\/div><\/section><br \/>\n\n<style type=\"text\/css\" data-created_by=\"avia_inline_auto\" id=\"style-css-av-2ypf73a-b7ddf5b5fa28d69f905060c309d18ab6\">\n#top .hr.av-2ypf73a-b7ddf5b5fa28d69f905060c309d18ab6{\nmargin-top:10px;\nmargin-bottom:30px;\n}\n.hr.av-2ypf73a-b7ddf5b5fa28d69f905060c309d18ab6 .hr-inner{\nwidth:100%;\n}\n<\/style>\n<div  class='hr av-2ypf73a-b7ddf5b5fa28d69f905060c309d18ab6 hr-custom  avia-builder-el-37  el_after_av_textblock  avia-builder-el-last  hr-center hr-icon-no'><span class='hr-inner inner-border-av-border-thin'><span class=\"hr-inner-style\"><\/span><\/span><\/div><\/p><\/div>\n","protected":false},"excerpt":{"rendered":"<p>14.02.2020<\/p>\n","protected":false},"author":1,"featured_media":28903,"comment_status":"closed","ping_status":"open","sticky":false,"template":"","format":"standard","meta":{"footnotes":""},"categories":[3],"tags":[],"class_list":["post-28889","post","type-post","status-publish","format-standard","has-post-thumbnail","hentry","category-gijon-20-2"],"yoast_head":"<!-- This site is optimized with the Yoast SEO plugin v20.7 - https:\/\/yoast.com\/wordpress\/plugins\/seo\/ -->\n<title>Nuevos nombres para la edici\u00f3n 14 del L.E.V. Festival - LEV Festival 2020<\/title>\n<meta name=\"robots\" content=\"index, follow, max-snippet:-1, max-image-preview:large, max-video-preview:-1\" \/>\n<link rel=\"canonical\" href=\"https:\/\/levfestival.com\/20\/2020\/02\/14\/nuevos-nombres-para-la-edicion-14-del-l-e-v-festival-2\/\" \/>\n<meta property=\"og:locale\" content=\"es_ES\" \/>\n<meta property=\"og:type\" content=\"article\" \/>\n<meta property=\"og:title\" content=\"Nuevos nombres para la 14 edici\u00f3n del L.E.V. Festival\" \/>\n<meta property=\"og:description\" content=\"L.E.V. (Laboratorio de Electr\u00f3nica Visual)\" \/>\n<meta property=\"og:url\" content=\"https:\/\/levfestival.com\/20\/2020\/02\/14\/nuevos-nombres-para-la-edicion-14-del-l-e-v-festival-2\/\" \/>\n<meta property=\"og:site_name\" content=\"LEV Festival 2020\" \/>\n<meta property=\"article:published_time\" content=\"2020-02-14T16:16:15+00:00\" \/>\n<meta property=\"og:image\" content=\"https:\/\/levfestival.com\/20\/wp-content\/uploads\/sites\/13\/2020\/02\/SEO-Facebook_1200x630.jpg\" \/>\n\t<meta property=\"og:image:width\" content=\"1200\" \/>\n\t<meta property=\"og:image:height\" content=\"630\" \/>\n\t<meta property=\"og:image:type\" content=\"image\/jpeg\" \/>\n<meta name=\"author\" content=\"Humme\" \/>\n<meta name=\"twitter:card\" content=\"summary_large_image\" \/>\n<meta name=\"twitter:title\" content=\"Nuevos nombres para la 14 edici\u00f3n del L.E.V. Festival\" \/>\n<meta name=\"twitter:description\" content=\"L.E.V. (Laboratorio de Electr\u00f3nica Visual)\" \/>\n<meta name=\"twitter:image\" content=\"https:\/\/levfestival.com\/20\/wp-content\/uploads\/sites\/13\/2020\/02\/SEO-Twitter_1024x512.jpg\" \/>\n<meta name=\"twitter:label1\" content=\"Escrito por\" \/>\n\t<meta name=\"twitter:data1\" content=\"Humme\" \/>\n\t<meta name=\"twitter:label2\" content=\"Tiempo de lectura\" \/>\n\t<meta name=\"twitter:data2\" content=\"18 minutos\" \/>\n<script type=\"application\/ld+json\" class=\"yoast-schema-graph\">{\"@context\":\"https:\/\/schema.org\",\"@graph\":[{\"@type\":\"WebPage\",\"@id\":\"https:\/\/levfestival.com\/20\/2020\/02\/14\/nuevos-nombres-para-la-edicion-14-del-l-e-v-festival-2\/\",\"url\":\"https:\/\/levfestival.com\/20\/2020\/02\/14\/nuevos-nombres-para-la-edicion-14-del-l-e-v-festival-2\/\",\"name\":\"Nuevos nombres para la edici\u00f3n 14 del L.E.V. Festival - LEV Festival 2020\",\"isPartOf\":{\"@id\":\"https:\/\/levfestival.com\/20\/#website\"},\"datePublished\":\"2020-02-14T16:16:15+00:00\",\"dateModified\":\"2020-02-14T16:16:15+00:00\",\"author\":{\"@id\":\"https:\/\/levfestival.com\/20\/#\/schema\/person\/e2142c72a7272670c965c75a56382bcf\"},\"breadcrumb\":{\"@id\":\"https:\/\/levfestival.com\/20\/2020\/02\/14\/nuevos-nombres-para-la-edicion-14-del-l-e-v-festival-2\/#breadcrumb\"},\"inLanguage\":\"es\",\"potentialAction\":[{\"@type\":\"ReadAction\",\"target\":[\"https:\/\/levfestival.com\/20\/2020\/02\/14\/nuevos-nombres-para-la-edicion-14-del-l-e-v-festival-2\/\"]}]},{\"@type\":\"BreadcrumbList\",\"@id\":\"https:\/\/levfestival.com\/20\/2020\/02\/14\/nuevos-nombres-para-la-edicion-14-del-l-e-v-festival-2\/#breadcrumb\",\"itemListElement\":[{\"@type\":\"ListItem\",\"position\":1,\"name\":\"Portada\",\"item\":\"https:\/\/levfestival.com\/20\/lev-general\/\"},{\"@type\":\"ListItem\",\"position\":2,\"name\":\"Nuevos nombres para la edici\u00f3n 14 del L.E.V. Festival\"}]},{\"@type\":\"WebSite\",\"@id\":\"https:\/\/levfestival.com\/20\/#website\",\"url\":\"https:\/\/levfestival.com\/20\/\",\"name\":\"LEV Festival 2020\",\"description\":\"\",\"potentialAction\":[{\"@type\":\"SearchAction\",\"target\":{\"@type\":\"EntryPoint\",\"urlTemplate\":\"https:\/\/levfestival.com\/20\/?s={search_term_string}\"},\"query-input\":\"required name=search_term_string\"}],\"inLanguage\":\"es\"},{\"@type\":\"Person\",\"@id\":\"https:\/\/levfestival.com\/20\/#\/schema\/person\/e2142c72a7272670c965c75a56382bcf\",\"name\":\"Humme\",\"image\":{\"@type\":\"ImageObject\",\"inLanguage\":\"es\",\"@id\":\"https:\/\/levfestival.com\/20\/#\/schema\/person\/image\/\",\"url\":\"https:\/\/secure.gravatar.com\/avatar\/c27bb9a5fc06001117e06658d7a38b765cd67431eeb3ce3eeb3aedae32d683ee?s=96&d=mm&r=g\",\"contentUrl\":\"https:\/\/secure.gravatar.com\/avatar\/c27bb9a5fc06001117e06658d7a38b765cd67431eeb3ce3eeb3aedae32d683ee?s=96&d=mm&r=g\",\"caption\":\"Humme\"},\"sameAs\":[\"https:\/\/levfestival.com\/lev\"],\"url\":\"https:\/\/levfestival.com\/20\/author\/humme\/\"}]}<\/script>\n<!-- \/ Yoast SEO plugin. -->","yoast_head_json":{"title":"Nuevos nombres para la edici\u00f3n 14 del L.E.V. Festival - LEV Festival 2020","robots":{"index":"index","follow":"follow","max-snippet":"max-snippet:-1","max-image-preview":"max-image-preview:large","max-video-preview":"max-video-preview:-1"},"canonical":"https:\/\/levfestival.com\/20\/2020\/02\/14\/nuevos-nombres-para-la-edicion-14-del-l-e-v-festival-2\/","og_locale":"es_ES","og_type":"article","og_title":"Nuevos nombres para la 14 edici\u00f3n del L.E.V. Festival","og_description":"L.E.V. (Laboratorio de Electr\u00f3nica Visual)","og_url":"https:\/\/levfestival.com\/20\/2020\/02\/14\/nuevos-nombres-para-la-edicion-14-del-l-e-v-festival-2\/","og_site_name":"LEV Festival 2020","article_published_time":"2020-02-14T16:16:15+00:00","og_image":[{"width":1200,"height":630,"url":"https:\/\/levfestival.com\/20\/wp-content\/uploads\/sites\/13\/2020\/02\/SEO-Facebook_1200x630.jpg","type":"image\/jpeg"}],"author":"Humme","twitter_card":"summary_large_image","twitter_title":"Nuevos nombres para la 14 edici\u00f3n del L.E.V. Festival","twitter_description":"L.E.V. (Laboratorio de Electr\u00f3nica Visual)","twitter_image":"https:\/\/levfestival.com\/20\/wp-content\/uploads\/sites\/13\/2020\/02\/SEO-Twitter_1024x512.jpg","twitter_misc":{"Escrito por":"Humme","Tiempo de lectura":"18 minutos"},"schema":{"@context":"https:\/\/schema.org","@graph":[{"@type":"WebPage","@id":"https:\/\/levfestival.com\/20\/2020\/02\/14\/nuevos-nombres-para-la-edicion-14-del-l-e-v-festival-2\/","url":"https:\/\/levfestival.com\/20\/2020\/02\/14\/nuevos-nombres-para-la-edicion-14-del-l-e-v-festival-2\/","name":"Nuevos nombres para la edici\u00f3n 14 del L.E.V. Festival - LEV Festival 2020","isPartOf":{"@id":"https:\/\/levfestival.com\/20\/#website"},"datePublished":"2020-02-14T16:16:15+00:00","dateModified":"2020-02-14T16:16:15+00:00","author":{"@id":"https:\/\/levfestival.com\/20\/#\/schema\/person\/e2142c72a7272670c965c75a56382bcf"},"breadcrumb":{"@id":"https:\/\/levfestival.com\/20\/2020\/02\/14\/nuevos-nombres-para-la-edicion-14-del-l-e-v-festival-2\/#breadcrumb"},"inLanguage":"es","potentialAction":[{"@type":"ReadAction","target":["https:\/\/levfestival.com\/20\/2020\/02\/14\/nuevos-nombres-para-la-edicion-14-del-l-e-v-festival-2\/"]}]},{"@type":"BreadcrumbList","@id":"https:\/\/levfestival.com\/20\/2020\/02\/14\/nuevos-nombres-para-la-edicion-14-del-l-e-v-festival-2\/#breadcrumb","itemListElement":[{"@type":"ListItem","position":1,"name":"Portada","item":"https:\/\/levfestival.com\/20\/lev-general\/"},{"@type":"ListItem","position":2,"name":"Nuevos nombres para la edici\u00f3n 14 del L.E.V. Festival"}]},{"@type":"WebSite","@id":"https:\/\/levfestival.com\/20\/#website","url":"https:\/\/levfestival.com\/20\/","name":"LEV Festival 2020","description":"","potentialAction":[{"@type":"SearchAction","target":{"@type":"EntryPoint","urlTemplate":"https:\/\/levfestival.com\/20\/?s={search_term_string}"},"query-input":"required name=search_term_string"}],"inLanguage":"es"},{"@type":"Person","@id":"https:\/\/levfestival.com\/20\/#\/schema\/person\/e2142c72a7272670c965c75a56382bcf","name":"Humme","image":{"@type":"ImageObject","inLanguage":"es","@id":"https:\/\/levfestival.com\/20\/#\/schema\/person\/image\/","url":"https:\/\/secure.gravatar.com\/avatar\/c27bb9a5fc06001117e06658d7a38b765cd67431eeb3ce3eeb3aedae32d683ee?s=96&d=mm&r=g","contentUrl":"https:\/\/secure.gravatar.com\/avatar\/c27bb9a5fc06001117e06658d7a38b765cd67431eeb3ce3eeb3aedae32d683ee?s=96&d=mm&r=g","caption":"Humme"},"sameAs":["https:\/\/levfestival.com\/lev"],"url":"https:\/\/levfestival.com\/20\/author\/humme\/"}]}},"_links":{"self":[{"href":"https:\/\/levfestival.com\/20\/wp-json\/wp\/v2\/posts\/28889","targetHints":{"allow":["GET"]}}],"collection":[{"href":"https:\/\/levfestival.com\/20\/wp-json\/wp\/v2\/posts"}],"about":[{"href":"https:\/\/levfestival.com\/20\/wp-json\/wp\/v2\/types\/post"}],"author":[{"embeddable":true,"href":"https:\/\/levfestival.com\/20\/wp-json\/wp\/v2\/users\/1"}],"replies":[{"embeddable":true,"href":"https:\/\/levfestival.com\/20\/wp-json\/wp\/v2\/comments?post=28889"}],"version-history":[{"count":0,"href":"https:\/\/levfestival.com\/20\/wp-json\/wp\/v2\/posts\/28889\/revisions"}],"wp:featuredmedia":[{"embeddable":true,"href":"https:\/\/levfestival.com\/20\/wp-json\/wp\/v2\/media\/28903"}],"wp:attachment":[{"href":"https:\/\/levfestival.com\/20\/wp-json\/wp\/v2\/media?parent=28889"}],"wp:term":[{"taxonomy":"category","embeddable":true,"href":"https:\/\/levfestival.com\/20\/wp-json\/wp\/v2\/categories?post=28889"},{"taxonomy":"post_tag","embeddable":true,"href":"https:\/\/levfestival.com\/20\/wp-json\/wp\/v2\/tags?post=28889"}],"curies":[{"name":"wp","href":"https:\/\/api.w.org\/{rel}","templated":true}]}}