{"id":32995,"date":"2018-02-07T11:17:00","date_gmt":"2018-02-07T10:17:00","guid":{"rendered":"https:\/\/levfestival.com\/lev\/l-e-v-2018-desvela-los-primeros-nombres-de-la-duodecima-edicion-del-laboratorio-de-electronica-visual\/"},"modified":"2023-01-25T19:42:30","modified_gmt":"2023-01-25T19:42:30","slug":"l-e-v-2018-reveals-first-names-of-laboratorio-de-electronica-visuals-twelfth-edition","status":"publish","type":"post","link":"https:\/\/levfestival.com\/en\/l-e-v-2018-reveals-first-names-of-laboratorio-de-electronica-visuals-twelfth-edition\/","title":{"rendered":"L.E.V. 2018 reveals first names of Laboratorio de Electr\u00f3nica Visual&#8217;s twelfth edition"},"content":{"rendered":"<p>[vc_row][vc_column][vc_empty_space height=&#8221;60px&#8221;][vc_single_image image=&#8221;32982&#8243; img_size=&#8221;full&#8221; alignment=&#8221;center&#8221;][vc_empty_space height=&#8221;20px&#8221;][edgtf_section_title position=&#8221;center&#8221; disable_separator=&#8221;yes&#8221; title_tag=&#8221;h3&#8243; disable_title_break_words=&#8221;no&#8221; title=&#8221;L.E.V. 2018 REVEALS FIRST NAMES OF LABORATORIO DE ELECTR\u00d3NICA VISUAL\u2019S TWELFTH EDITION&#8221;][vc_empty_space height=&#8221;20px&#8221;][vc_column_text]<strong>Laboratorio de Electr\u00f3nica Visual<\/strong>,\u00a0<strong>Gij\u00f3n\u2019s International Audiovisual Creation Festival<\/strong>, comes back for its eleventh edition with an appealing and eclectic lineup. The festival will be held in different spaces of the\u00a0<strong>Laboral Ciudad de la Cultura Art Complex and the city of Gij\u00f3n.<\/strong><\/p>\n<p><strong>L.E.V.<\/strong>, a project co-produced by the Government of the\u00a0<strong>Principality of Asturias<\/strong>,\u00a0<strong>Gij\u00f3n\u2019s Town Council<\/strong>,\u00a0<strong>LABoral Centro de Arte\u00a0<\/strong>and\u00a0<strong>Datatr\u00f3n Collective<\/strong>, keeps on searching the evolution of new audiovisual languages. From\u00a0<strong>April 26 to 29,<\/strong>\u00a0the Festival will feature a lineup full of daring and innovative international acts that aim to go beyond classic formats within the fields of sound and vision creations.<\/p>\n<p>Performances, installations, audiovisual live shows, showcases, workshops will compose L.E.V. Festival\u2019s body of artistic projects.[\/vc_column_text][vc_empty_space height=&#8221;40px&#8221;][\/vc_column][\/vc_row][vc_row][vc_column][vc_column_text]<strong>Hiroaki Umeda<\/strong>\u00a0makes his return to\u00a0<strong>L.E.V.<\/strong>\u00a0to showcase his stunning\u00a0<strong><em>Intensional Particle<\/em><\/strong>\u00a0performance: a truly information overload in real time, as much explosive as poetic, that will stay in the retina of the audience for a long time.[\/vc_column_text][vc_empty_space height=&#8221;20px&#8221;][vc_video link=&#8221;https:\/\/vimeo.com\/131271456&#8243; align=&#8221;center&#8221;][vc_empty_space height=&#8221;40px&#8221;][\/vc_column][\/vc_row][vc_row][vc_column][vc_column_text]The unclassifiable\u00a0<strong>Martin Messier &amp; Yro<\/strong>\u00a0also come back with their first collaboration:\u00a0<strong><em>ASHES<\/em><\/strong>, their new audiovisual creation, reminds us that the world\u2019s substance, perceived on a microscopic level, is nothing but a universe in itself. After several months of artistic residence in a co-production among Montreal, Paris and Gij\u00f3n,\u00a0<strong>L.E.V. Festival<\/strong>\u00a0will host the worldwide premiere of this project.[\/vc_column_text][vc_empty_space height=&#8221;20px&#8221;][vc_video link=&#8221;https:\/\/vimeo.com\/149364292&#8243; align=&#8221;center&#8221;][vc_empty_space height=&#8221;20px&#8221;][vc_column_text]Creative Italian artist\u00a0<strong>Michela Pelusio<\/strong>\u00a0will also join our roster with her interpretation of quantum physics in her\u00a0<strong><em>Spacetime Helix<\/em><\/strong>\u00a0project, a fascinating attempt at visualizing sounds to explore the concept of infinity and the \u201cstring theory\u201d, through a set of frequencies and visual and sound geometries.[\/vc_column_text][vc_empty_space height=&#8221;20px&#8221;][vc_video link=&#8221;https:\/\/vimeo.com\/130903990&#8243; align=&#8221;center&#8221;][vc_empty_space height=&#8221;20px&#8221;][vc_column_text]Another collaboration, in this case between\u00a0<strong>Murcof<\/strong>\u00a0and Canadian artist\u00a0<strong>Jimmy Lakatos<\/strong>, will bring us\u00a0<strong><em>Nebula<\/em><\/strong>, an installation that tries to visualize the most cosmic side of the sound universe of the Mexican artist.[\/vc_column_text][vc_empty_space height=&#8221;20px&#8221;][vc_single_image image=&#8221;32889&#8243; img_size=&#8221;full&#8221; alignment=&#8221;center&#8221;][vc_empty_space height=&#8221;20px&#8221;][vc_column_text]Among the\u00a0<strong>audiovisual live shows<\/strong>\u00a0we will find the worldwide premiere of\u00a0<strong><em>Deep State<\/em><\/strong><em>,<\/em>[\/vc_column_text][vc_empty_space height=&#8221;20px&#8221;][vc_video link=&#8221;https:\/\/vimeo.com\/255163539&#8243; align=&#8221;center&#8221;][vc_empty_space height=&#8221;20px&#8221;][vc_column_text]the new av project by highly prolific\u00a0<strong>Atom \u2122<\/strong>,\u00a0<strong>Rabit and Cecile<\/strong>\u2019s take on Baudelaire\u2019s\u00a0<strong><em>Les Fleurs Du Mal<\/em><\/strong>,[\/vc_column_text][vc_empty_space height=&#8221;20px&#8221;][vc_video link=&#8221;https:\/\/youtu.be\/7wFlNWqUBHg?list=PL1f9QcSstQAgvelFeSarPnh3Z01W-Qc4w&#8221; align=&#8221;center&#8221;][vc_empty_space height=&#8221;20px&#8221;][vc_column_text]the new project by innovative British audiovisual creator\u00a0<strong>Zan Lyons:<\/strong>[\/vc_column_text][vc_empty_space height=&#8221;20px&#8221;][vc_video link=&#8221;https:\/\/vimeo.com\/262395861&#8243; align=&#8221;center&#8221;][vc_empty_space height=&#8221;20px&#8221;][vc_column_text]and the audiovisual dreamscapes of\u00a0<strong>Loscil<\/strong>, a further development of the language explored in their most recent albums:\u00a0<em>Sea Island and Monument Builders.<\/em>[\/vc_column_text][vc_empty_space height=&#8221;20px&#8221;][vc_video link=&#8221;https:\/\/youtu.be\/PJ9PMOxP90M&#8221; align=&#8221;center&#8221;][vc_empty_space height=&#8221;20px&#8221;][vc_column_text]Our bill also includes the particular vision of sci-fi dance music by legendary\u00a0<strong>Zombie Zombie,\u00a0<\/strong>who will play their new\u00a0<strong><em>Livity<\/em><\/strong>\u00a0project[\/vc_column_text][vc_empty_space height=&#8221;20px&#8221;][vc_video link=&#8221;https:\/\/youtu.be\/M2siGrRiIxU&#8221; align=&#8221;center&#8221;][vc_empty_space height=&#8221;20px&#8221;][vc_column_text]and\u00a0<strong>Lusine<\/strong>\u2019s blend of techno and electronic:[\/vc_column_text][vc_empty_space height=&#8221;20px&#8221;][vc_video link=&#8221;https:\/\/vimeo.com\/100957047&#8243; align=&#8221;center&#8221;][vc_empty_space height=&#8221;40px&#8221;][\/vc_column][\/vc_row][vc_row][vc_column][vc_column_text]<strong>L.E.V. 2017 | LABORATORIO DE ELECTR\u00d3NICA VISUAL<\/strong><\/p>\n<p>XII International Festival of Audiovisual Creation of Gij\u00f3n<\/p>\n<p>Atom tm \u201cDeep State\u201d (world premiere) [raster-media, De]<\/p>\n<p>Hiroaki Umeda \u201cIntensional Particle\u201d [Jp]<\/p>\n<p>Loscil live a\/v [Kranky, Ca]<\/p>\n<p>Martin Messier &amp; Yro \u201cAshes\u201d (world premiere) [Ca\/Fr]<\/p>\n<p>Zombie Zombie [Versatile, Fr]<\/p>\n<p>Lusine [Ghostly International, USA]<\/p>\n<p>Murcof &amp; Jimmy Lakatos \u201cNebula\u201d (world premiere) [Mx\/Ca]<\/p>\n<p>Rabit live AV (w CECILIA) \u201cLes Fleurs Du Mal\u201d [Halcyon Veil, USA\/Fr]<\/p>\n<p>Michela Pelusio \u201cSpacetime Helix\u201d [It]<\/p>\n<p>Zan Lyons live a\/v (world premiere) [Uk]<\/p>\n<p>\u2026<\/p>\n<p>and many more![\/vc_column_text][vc_empty_space height=&#8221;40px&#8221;][vc_single_image image=&#8221;32984&#8243; img_size=&#8221;full&#8221; alignment=&#8221;center&#8221;][\/vc_column][\/vc_row]<\/p>\n","protected":false},"excerpt":{"rendered":"<p>[vc_row][vc_column][vc_empty_space height=&#8221;60px&#8221;][vc_single_image image=&#8221;32982&#8243; img_size=&#8221;full&#8221; alignment=&#8221;center&#8221;][vc_empty_space height=&#8221;20px&#8221;][edgtf_section_title position=&#8221;center&#8221; disable_separator=&#8221;yes&#8221; title_tag=&#8221;h3&#8243; disable_title_break_words=&#8221;no&#8221; title=&#8221;L.E.V. 2018 REVEALS FIRST NAMES OF LABORATORIO DE ELECTR\u00d3NICA VISUAL\u2019S TWELFTH EDITION&#8221;][vc_empty_space height=&#8221;20px&#8221;][vc_column_text]Laboratorio de Electr\u00f3nica Visual,\u00a0Gij\u00f3n\u2019s International Audiovisual Creation Festival, comes back for its eleventh edition with an appealing and eclectic lineup. The festival will be held in different spaces of the\u00a0Laboral Ciudad de la [&hellip;]<\/p>\n","protected":false},"author":1,"featured_media":37237,"comment_status":"closed","ping_status":"open","sticky":false,"template":"","format":"standard","meta":{"footnotes":""},"categories":[27],"tags":[],"class_list":["post-32995","post","type-post","status-publish","format-standard","has-post-thumbnail","hentry","category-gijon"],"yoast_head":"<!-- This site is optimized with the Yoast SEO plugin v20.7 - https:\/\/yoast.com\/wordpress\/plugins\/seo\/ -->\n<title>L.E.V. 2018 reveals first names of Laboratorio de Electr\u00f3nica Visual&#039;s twelfth edition - LEV Festival<\/title>\n<meta name=\"robots\" content=\"index, follow, max-snippet:-1, max-image-preview:large, max-video-preview:-1\" \/>\n<link rel=\"canonical\" href=\"https:\/\/levfestival.com\/en\/l-e-v-2018-reveals-first-names-of-laboratorio-de-electronica-visuals-twelfth-edition\/\" \/>\n<meta property=\"og:locale\" content=\"en_US\" \/>\n<meta property=\"og:type\" content=\"article\" \/>\n<meta property=\"og:title\" content=\"L.E.V. Festival 2018_L.E.V. desvela los primeros nombres de su duod\u00e9cima edici\u00f3n\" \/>\n<meta property=\"og:description\" content=\"L.E.V. 2018 desvela los primeros nombres de la duod\u00e9cima edici\u00f3n del Laboratorio de Electr\u00f3nica Visual.\" \/>\n<meta property=\"og:url\" content=\"https:\/\/levfestival.com\/en\/l-e-v-2018-reveals-first-names-of-laboratorio-de-electronica-visuals-twelfth-edition\/\" \/>\n<meta property=\"og:site_name\" content=\"LEV Festival\" \/>\n<meta property=\"article:published_time\" content=\"2018-02-07T10:17:00+00:00\" \/>\n<meta property=\"article:modified_time\" content=\"2023-01-25T19:42:30+00:00\" \/>\n<meta property=\"og:image\" content=\"https:\/\/levfestival.com\/wp-content\/uploads\/2021\/08\/1_cabecera_facebook_2018.jpg\" \/>\n\t<meta property=\"og:image:width\" content=\"800\" \/>\n\t<meta property=\"og:image:height\" content=\"303\" \/>\n\t<meta property=\"og:image:type\" content=\"image\/jpeg\" \/>\n<meta name=\"author\" content=\"Humme\" \/>\n<meta name=\"twitter:card\" content=\"summary_large_image\" \/>\n<meta name=\"twitter:title\" content=\"L.E.V. Festival 2018_L.E.V. desvela los primeros nombres de su duod\u00e9cima edici\u00f3n\" \/>\n<meta name=\"twitter:description\" content=\"L.E.V. 2018 desvela los primeros nombres de la duod\u00e9cima edici\u00f3n del Laboratorio de Electr\u00f3nica Visual.\" \/>\n<meta name=\"twitter:label1\" content=\"Written by\" \/>\n\t<meta name=\"twitter:data1\" content=\"Humme\" \/>\n\t<meta name=\"twitter:label2\" content=\"Est. reading time\" \/>\n\t<meta name=\"twitter:data2\" content=\"3 minutes\" \/>\n<script type=\"application\/ld+json\" class=\"yoast-schema-graph\">{\"@context\":\"https:\/\/schema.org\",\"@graph\":[{\"@type\":\"WebPage\",\"@id\":\"https:\/\/levfestival.com\/en\/l-e-v-2018-reveals-first-names-of-laboratorio-de-electronica-visuals-twelfth-edition\/\",\"url\":\"https:\/\/levfestival.com\/en\/l-e-v-2018-reveals-first-names-of-laboratorio-de-electronica-visuals-twelfth-edition\/\",\"name\":\"L.E.V. 2018 reveals first names of Laboratorio de Electr\u00f3nica Visual's twelfth edition - LEV Festival\",\"isPartOf\":{\"@id\":\"https:\/\/levfestival.com\/#website\"},\"datePublished\":\"2018-02-07T10:17:00+00:00\",\"dateModified\":\"2023-01-25T19:42:30+00:00\",\"author\":{\"@id\":\"https:\/\/levfestival.com\/#\/schema\/person\/e2142c72a7272670c965c75a56382bcf\"},\"inLanguage\":\"en-US\",\"potentialAction\":[{\"@type\":\"ReadAction\",\"target\":[\"https:\/\/levfestival.com\/en\/l-e-v-2018-reveals-first-names-of-laboratorio-de-electronica-visuals-twelfth-edition\/\"]}]},{\"@type\":\"WebSite\",\"@id\":\"https:\/\/levfestival.com\/#website\",\"url\":\"https:\/\/levfestival.com\/\",\"name\":\"LEV Festival\",\"description\":\"LEV\",\"potentialAction\":[{\"@type\":\"SearchAction\",\"target\":{\"@type\":\"EntryPoint\",\"urlTemplate\":\"https:\/\/levfestival.com\/?s={search_term_string}\"},\"query-input\":\"required name=search_term_string\"}],\"inLanguage\":\"en-US\"},{\"@type\":\"Person\",\"@id\":\"https:\/\/levfestival.com\/#\/schema\/person\/e2142c72a7272670c965c75a56382bcf\",\"name\":\"Humme\",\"image\":{\"@type\":\"ImageObject\",\"inLanguage\":\"en-US\",\"@id\":\"https:\/\/levfestival.com\/#\/schema\/person\/image\/\",\"url\":\"https:\/\/secure.gravatar.com\/avatar\/c27bb9a5fc06001117e06658d7a38b765cd67431eeb3ce3eeb3aedae32d683ee?s=96&d=mm&r=g\",\"contentUrl\":\"https:\/\/secure.gravatar.com\/avatar\/c27bb9a5fc06001117e06658d7a38b765cd67431eeb3ce3eeb3aedae32d683ee?s=96&d=mm&r=g\",\"caption\":\"Humme\"},\"sameAs\":[\"https:\/\/levfestival.com\/lev\"],\"url\":\"https:\/\/levfestival.com\/en\/author\/humme\/\"}]}<\/script>\n<!-- \/ Yoast SEO plugin. -->","yoast_head_json":{"title":"L.E.V. 2018 reveals first names of Laboratorio de Electr\u00f3nica Visual's twelfth edition - LEV Festival","robots":{"index":"index","follow":"follow","max-snippet":"max-snippet:-1","max-image-preview":"max-image-preview:large","max-video-preview":"max-video-preview:-1"},"canonical":"https:\/\/levfestival.com\/en\/l-e-v-2018-reveals-first-names-of-laboratorio-de-electronica-visuals-twelfth-edition\/","og_locale":"en_US","og_type":"article","og_title":"L.E.V. Festival 2018_L.E.V. desvela los primeros nombres de su duod\u00e9cima edici\u00f3n","og_description":"L.E.V. 2018 desvela los primeros nombres de la duod\u00e9cima edici\u00f3n del Laboratorio de Electr\u00f3nica Visual.","og_url":"https:\/\/levfestival.com\/en\/l-e-v-2018-reveals-first-names-of-laboratorio-de-electronica-visuals-twelfth-edition\/","og_site_name":"LEV Festival","article_published_time":"2018-02-07T10:17:00+00:00","article_modified_time":"2023-01-25T19:42:30+00:00","og_image":[{"width":800,"height":303,"url":"https:\/\/levfestival.com\/wp-content\/uploads\/2021\/08\/1_cabecera_facebook_2018.jpg","type":"image\/jpeg"}],"author":"Humme","twitter_card":"summary_large_image","twitter_title":"L.E.V. Festival 2018_L.E.V. desvela los primeros nombres de su duod\u00e9cima edici\u00f3n","twitter_description":"L.E.V. 2018 desvela los primeros nombres de la duod\u00e9cima edici\u00f3n del Laboratorio de Electr\u00f3nica Visual.","twitter_misc":{"Written by":"Humme","Est. reading time":"3 minutes"},"schema":{"@context":"https:\/\/schema.org","@graph":[{"@type":"WebPage","@id":"https:\/\/levfestival.com\/en\/l-e-v-2018-reveals-first-names-of-laboratorio-de-electronica-visuals-twelfth-edition\/","url":"https:\/\/levfestival.com\/en\/l-e-v-2018-reveals-first-names-of-laboratorio-de-electronica-visuals-twelfth-edition\/","name":"L.E.V. 2018 reveals first names of Laboratorio de Electr\u00f3nica Visual's twelfth edition - LEV Festival","isPartOf":{"@id":"https:\/\/levfestival.com\/#website"},"datePublished":"2018-02-07T10:17:00+00:00","dateModified":"2023-01-25T19:42:30+00:00","author":{"@id":"https:\/\/levfestival.com\/#\/schema\/person\/e2142c72a7272670c965c75a56382bcf"},"inLanguage":"en-US","potentialAction":[{"@type":"ReadAction","target":["https:\/\/levfestival.com\/en\/l-e-v-2018-reveals-first-names-of-laboratorio-de-electronica-visuals-twelfth-edition\/"]}]},{"@type":"WebSite","@id":"https:\/\/levfestival.com\/#website","url":"https:\/\/levfestival.com\/","name":"LEV Festival","description":"LEV","potentialAction":[{"@type":"SearchAction","target":{"@type":"EntryPoint","urlTemplate":"https:\/\/levfestival.com\/?s={search_term_string}"},"query-input":"required name=search_term_string"}],"inLanguage":"en-US"},{"@type":"Person","@id":"https:\/\/levfestival.com\/#\/schema\/person\/e2142c72a7272670c965c75a56382bcf","name":"Humme","image":{"@type":"ImageObject","inLanguage":"en-US","@id":"https:\/\/levfestival.com\/#\/schema\/person\/image\/","url":"https:\/\/secure.gravatar.com\/avatar\/c27bb9a5fc06001117e06658d7a38b765cd67431eeb3ce3eeb3aedae32d683ee?s=96&d=mm&r=g","contentUrl":"https:\/\/secure.gravatar.com\/avatar\/c27bb9a5fc06001117e06658d7a38b765cd67431eeb3ce3eeb3aedae32d683ee?s=96&d=mm&r=g","caption":"Humme"},"sameAs":["https:\/\/levfestival.com\/lev"],"url":"https:\/\/levfestival.com\/en\/author\/humme\/"}]}},"_links":{"self":[{"href":"https:\/\/levfestival.com\/en\/wp-json\/wp\/v2\/posts\/32995","targetHints":{"allow":["GET"]}}],"collection":[{"href":"https:\/\/levfestival.com\/en\/wp-json\/wp\/v2\/posts"}],"about":[{"href":"https:\/\/levfestival.com\/en\/wp-json\/wp\/v2\/types\/post"}],"author":[{"embeddable":true,"href":"https:\/\/levfestival.com\/en\/wp-json\/wp\/v2\/users\/1"}],"replies":[{"embeddable":true,"href":"https:\/\/levfestival.com\/en\/wp-json\/wp\/v2\/comments?post=32995"}],"version-history":[{"count":24,"href":"https:\/\/levfestival.com\/en\/wp-json\/wp\/v2\/posts\/32995\/revisions"}],"predecessor-version":[{"id":36248,"href":"https:\/\/levfestival.com\/en\/wp-json\/wp\/v2\/posts\/32995\/revisions\/36248"}],"wp:featuredmedia":[{"embeddable":true,"href":"https:\/\/levfestival.com\/en\/wp-json\/wp\/v2\/media\/37237"}],"wp:attachment":[{"href":"https:\/\/levfestival.com\/en\/wp-json\/wp\/v2\/media?parent=32995"}],"wp:term":[{"taxonomy":"category","embeddable":true,"href":"https:\/\/levfestival.com\/en\/wp-json\/wp\/v2\/categories?post=32995"},{"taxonomy":"post_tag","embeddable":true,"href":"https:\/\/levfestival.com\/en\/wp-json\/wp\/v2\/tags?post=32995"}],"curies":[{"name":"wp","href":"https:\/\/api.w.org\/{rel}","templated":true}]}}