{"id":33061,"date":"2017-03-12T10:29:00","date_gmt":"2017-03-12T09:29:00","guid":{"rendered":"https:\/\/levfestival.com\/lev\/l-e-v-presenta-un-circuito-de-instalaciones-audiovisuales-en-diferentes-espacios-de-la-ciudad\/"},"modified":"2023-01-25T20:23:48","modified_gmt":"2023-01-25T20:23:48","slug":"new-locations-around-town-audiovisual-installations-circuit","status":"publish","type":"post","link":"https:\/\/levfestival.com\/en\/new-locations-around-town-audiovisual-installations-circuit\/","title":{"rendered":"New Locations Around Town \/ Audiovisual Installations Circuit"},"content":{"rendered":"<p>[vc_row][vc_column][vc_empty_space height=&#8221;60px&#8221;][vc_single_image image=&#8221;33003&#8243; img_size=&#8221;full&#8221; alignment=&#8221;center&#8221;][vc_empty_space height=&#8221;20px&#8221;][edgtf_section_title position=&#8221;center&#8221; disable_separator=&#8221;yes&#8221; title_tag=&#8221;h3&#8243; disable_title_break_words=&#8221;no&#8221; title=&#8221;NEW LOCATIONS AROUND TOWN \/AUDIOVISUAL INSTALLATIONS CIRCUIT&#8221;][vc_empty_space height=&#8221;20px&#8221;][vc_column_text]In its search for the evolution of new audiovisual languages, L.E.V. presents 5 of the most remarkable current names from this scene to create a circuit around town where different audiovisual installations will take place.<\/p>\n<p>Olivier Ratsi \u201cOnion Skin\u201d (Fr)<\/p>\n<p>Maotik \u201cAeryon\u201d (Ca) (World Premiere)<\/p>\n<p>Daniel Iregui \u201cControl No Control\u201d (Ca)<\/p>\n<p>Martin Messier \u201cBo\u00eete Noire\u201d (Ca)<\/p>\n<p>Carlos Coronas \u201cLampyridae\u201d (Sp)<\/p>\n<p><a href=\"http:\/\/www.levfestival.com\/\">www.levfestival.com<\/a><\/p>\n<p>[\/vc_column_text][vc_empty_space height=&#8221;40px&#8221;][\/vc_column][\/vc_row][vc_row][vc_column][edgtf_section_title position=&#8221;left&#8221; disable_separator=&#8221;no&#8221; title_tag=&#8221;h4&#8243; disable_title_break_words=&#8221;no&#8221; title=&#8221;MAOTIK presents AERYON \u00b7 LABoral Centro de Arte&#8221;][vc_empty_space height=&#8221;20px&#8221;][vc_single_image image=&#8221;33040&#8243; img_size=&#8221;full&#8221; alignment=&#8221;center&#8221;][vc_empty_space height=&#8221;20px&#8221;][vc_column_text]The Montreal-based artist\u00a0<strong>Maotik<\/strong>\u00a0will premiere at\u00a0<strong>L.E.V. Festival<\/strong>\u00a0his new project\u00a0<em><strong>Aeryon<\/strong><\/em>, created after a month\u2019s residency at\u00a0<strong>LABoral Centro de Arte y Creaci\u00f3n Industrial<\/strong>\u00a0within the framework of Red\u00a0<strong>ENCAC<\/strong>\u00a0<strong>(the European Network for Contemporary Audiovisual Creation)<\/strong>, a network formed by festivals and cultural institutions with such an international scope as CTM Festival, ARS Electronica, Resonate, Mapping Festival, Elektra, Le Lie Unique, LABoral, and L.E.V. Festival, to name only a few.<\/p>\n<p>During the last few years we have been witnessing the emergence of \u201cflying objects\u201d in our sky. Creative technologists and artists use this technology to capture landscape images and also film sequences. Therefore companies and institutions use it as a surveillance monitor to track individuals. Military drones are increasingly used by armies around the world, and it is said that in a near future they will replace the police patrols for urban security. It is the threat of big brother hovering or even a world where machines have taken over. Is this will lead to irreversible future uses?<\/p>\n<p><em><strong>AERYON<\/strong><\/em>\u00a0<strong>is an artistic interpretation of a surveillance drone vision where the story line evolves according to its starting location.<\/strong>\u00a0At this early stage we can imagine a setup of two screens where one screen shows the navigation on a real map and the other one transform the cartography into a poetic visual interpretation. Using a color map of a custom-mage cartography, the generative visual system will react according to the pixel map and will transform the information into a point cloud. Geometry instances will be used to recreate the natural patterns that we can sometimes\u00a0contemplate from a drone. All patterns such a mountains, ocean, forest or cities will have a specific visuals aspect. Other information such as the size of the cities, the number of inhabitants, wind force or weather forecast, just to name a few of them could be added in order to give more parameters to the visual composition. GPS information will also be used to retrieve sound information from a specific location (radio frequencies) and add this information to the \u201cDrone\u201d generative surround sound composition that will also evolve according to the navigation of the performer.<\/p>\n<p>The conflicting forces of virtuality and reality invite the audience to live a contemplative experience where the visual composition change according the virtual drone location, providing an ever-changing experience. Designed as an AV performance and also an installation, AERYON is an advanced navigation visual system that analyze a multiple source of data to recreate the beauty of an aerial landscape view. The story line of the piece evolves gradually to create a multimedia environment that offers various degrees of immersion and modify the perception of the physical space. The installation is an \u201cOpen form\u201d that offers various combination option to the interpreter, the idea is to create a system with a random creation process, in a range of settings defined by the activity of the real time data analysis. In this sense, every state, time of the installation is unique and inimitable. Surround sound translate the visual into a sonic experience that will dive the public at the center of this electronic landscape.<\/p>\n<p>[\/vc_column_text][vc_empty_space height=&#8221;20px&#8221;][vc_video link=&#8221;https:\/\/vimeo.com\/207241423&#8243; align=&#8221;center&#8221;][vc_empty_space height=&#8221;20px&#8221;][vc_column_text]This activity is included in\u00a0<strong>L.E.V. Festival<\/strong>\u2018s line-up and also in\u00a0<strong>ENCAC<\/strong>\u00a0(the European Network for Contemporary Audiovisual Creation), a multiannual project led by\u00a0<strong>LABoral Centro de Arte y Creaci\u00f3n Industrial in a strategic alliance with L.E.V. Festival<\/strong>, and\u00a0<strong>co-funded by the European Union\u2019s Creative Europe Programme.<\/strong>[\/vc_column_text][vc_empty_space height=&#8221;40px&#8221;][\/vc_column][\/vc_row][vc_row][vc_column][edgtf_section_title position=&#8221;left&#8221; disable_separator=&#8221;no&#8221; title_tag=&#8221;h4&#8243; disable_title_break_words=&#8221;no&#8221; title=&#8221;DANIEL IREGUI presents CONTROL NO CONTROL \u00b7 Patio Corintio, Laboral City of Culture&#8221;][vc_empty_space height=&#8221;20px&#8221;][vc_single_image image=&#8221;33042&#8243; img_size=&#8221;full&#8221; alignment=&#8221;center&#8221;][vc_empty_space height=&#8221;20px&#8221;][vc_column_text]<strong>CONTROL NO CONTROL<\/strong>\u00a0is an\u00a0<strong>interactive LED sculpture<\/strong>\u00a0that invites the audience to use their hands and body to act on its sound and graphics.<\/p>\n<p>The full cycle of audio-graphical compositions goes through five states, each exploring a geometric pattern, its properties, its audio representation and how it reacts to bodily gestures.<\/p>\n<p>By placing this sculpture in a public space with minimal instructions on how it works, the audience is left to explore by themselves how to get control of the visuals and the sound presented. Everything that touches its surface has an influence, but some movements trigger more complex transformations and this becomes clear as the participant engages with the piece.<\/p>\n<p>Is the audience in control? Do they follow a path that was designed from the beginning? The idea of shaping a behavior and the notion of control is the motivation for creating this work.<\/p>\n<p><a href=\"http:\/\/iregular.io\/\" target=\"_blank\" rel=\"noopener\">http:\/\/iregular.io\/<\/a><\/p>\n<p>[\/vc_column_text][vc_empty_space height=&#8221;20px&#8221;][vc_video link=&#8221;https:\/\/vimeo.com\/88193658&#8243; align=&#8221;center&#8221;][vc_empty_space height=&#8221;40px&#8221;][\/vc_column][\/vc_row][vc_row][vc_column][edgtf_section_title position=&#8221;left&#8221; disable_separator=&#8221;no&#8221; title_tag=&#8221;h4&#8243; disable_title_break_words=&#8221;no&#8221; title=&#8221;OLIVIER RATSI (Antivj) presents ONION SKIN \u00b7 The Colegiate of San Juan Bautista. Revillagigedo Palace&#8221;][vc_empty_space height=&#8221;20px&#8221;][vc_single_image image=&#8221;33044&#8243; img_size=&#8221;full&#8221; alignment=&#8221;center&#8221;][vc_empty_space height=&#8221;20px&#8221;][vc_column_text]<em><strong>ONION SKIN<\/strong>\u00a0<\/em>is a\u00a0<strong>immersive installation by Olivier Ratsi<\/strong>, an artist on the\u00a0<strong>ANTIVJ visual label<\/strong>. The first stage in the Echolyse project, which will give birth to several variations around the same concept, Onion Skin is made up of a physical dimension \u2013 a module of two walls, positioned at right angles \u2013 augmented by a projection and a 5.1 sound broadcast.<\/p>\n<p><strong><em>Onion Skin<\/em>\u00a0is a graphical work about the re-composition of time and space through a game of perspectives<\/strong>, both of the exhibition space itself and that of the projection canvas. Built around a progressive structure, made up of 4 parts lasting 14 minutes in total, the piece plays on the principle of repetition and scale to create a physical and hypnotic experience that opens doors onto the hidden and untouchable.<\/p>\n<p>The whole experience of the installation is based on a very specific point of view. A precise position from which a new dimension is revealed to the audience by anamorphosis. The simple geometric elements (\u201cpeelings\u201d) that seemed to be flat at first suddenly start delimiting a new space. The illusion of a new dimension within the installation slowly appears as the onion skins seem to be leaving their physical surface behind.<\/p>\n<p>A 5.1 surround sound set-up accentuates the physical dimension of the installation, strengthening and playing with the impression of volume and space.<\/p>\n<p>[Credits: Onion Skin, an installation by Olivier Ratsi \/\u00a0concept &amp; design: Olivier Ratsi \/\u00a0music: Thomas Vaqui\u00e9 \/\u00a0label: Antivj \/\u00a0producer: Nicolas Boritch \/ Photo credits: Olivier Ratsi]<\/p>\n<p><a href=\"https:\/\/www.ratsi.com\/\">https:\/\/www.ratsi.com\/<\/a><\/p>\n<p><a href=\"http:\/\/www.antivj.com\/\">http:\/\/www.antivj.com\/<\/a><\/p>\n<p>[\/vc_column_text][vc_empty_space height=&#8221;20px&#8221;][vc_video link=&#8221;https:\/\/vimeo.com\/76521918&#8243; align=&#8221;center&#8221;][vc_empty_space height=&#8221;40px&#8221;][\/vc_column][\/vc_row][vc_row][vc_column][edgtf_section_title position=&#8221;left&#8221; disable_separator=&#8221;no&#8221; title_tag=&#8221;h4&#8243; disable_title_break_words=&#8221;no&#8221; title=&#8221;MARTIN MESSIER presents BO\u00ceTE NOIRE \u00b7 Centro de Cultura Antiguo Instituto&#8221;][vc_empty_space height=&#8221;20px&#8221;][vc_single_image image=&#8221;33048&#8243; img_size=&#8221;full&#8221; alignment=&#8221;center&#8221;][vc_empty_space height=&#8221;20px&#8221;][vc_column_text]With\u00a0<strong><em>BO\u00ceTE NOIRE\u00a0<\/em><\/strong>(Black box),\u00a0<strong>Martin Messier\u00a0<\/strong>puts a beam of light, projected into a large transparent prism, into sounds and movements. Trying to define the edges of this\u00a0elusive element, he materializes the extension of its shapes and decomposes its frequencies.<\/p>\n<p>In a dark room, the spectator sees and ears the development of the white specter: its contradictions and distensions, its curves and lines, its appearances and disappearances. It is as if the box, filled with ghostly signals, was containing pieces of past events and with his installation, Messier invites the public to put history back together.<\/p>\n<p><a href=\"http:\/\/www.mmessier.com\/\">http:\/\/www.mmessier.com\/<\/a><\/p>\n<p>[\/vc_column_text][vc_empty_space height=&#8221;20px&#8221;][vc_video link=&#8221;https:\/\/vimeo.com\/109379321&#8243; align=&#8221;center&#8221;][vc_empty_space height=&#8221;40px&#8221;][\/vc_column][\/vc_row][vc_row][vc_column][edgtf_section_title position=&#8221;left&#8221; disable_separator=&#8221;no&#8221; title_tag=&#8221;h4&#8243; disable_title_break_words=&#8221;no&#8221; title=&#8221;CARLOS CORONAS presents LAMPYRIDAE \u00b7 San Lorenzo Chapel&#8221;][vc_empty_space height=&#8221;20px&#8221;][vc_single_image image=&#8221;33046&#8243; img_size=&#8221;full&#8221; alignment=&#8221;center&#8221;][vc_empty_space height=&#8221;20px&#8221;][vc_column_text]<em><strong>Lampyridae<\/strong><\/em>\u00a0is\u00a0<strong>spatial installation project constructed with big, complex polygonal structures that simulate organism<\/strong>s<strong>, and colored light (mostly fluorescent) tubes standing over them. Their luminous intensity is changed by some electronic systems to make them appear living organisms.<\/strong><\/p>\n<p>These mostly wooden structures establish a composition where architecture is rearranged as a sort of reunion in a common space; a symbiotic meeting of organisms that have migrated here from different locations to conform a macro-organism, or even a whole ecosystem never seen before. This provides multiple points of view and illuminated situations that alter our sensory perception of space, becoming the main foundation of the project.<\/p>\n<p>It is impossible to keep a fragmentary vision when the skeletons, the nerve-like cables and, above all, the lights\u2019 oscillations in intensity and color blend together to create a changing whole projected on the air, the walls, and the eyes of the visitor.<\/p>\n<p>These changes are not perceived as something accessory but truly substantial; they are not mere electric processes added to the foundation, but rhythms of a living organism, regular variations of a metabolism. We cannot understand them, but they strongly evoke the steady breathing of some hibernating, sleeping beings, or maybe the signals of an undecipherable conversation among cephalopods or luminescent insects as lampyridae, which have inspired Carlos Coronas\u2019 work.[\/vc_column_text][vc_empty_space height=&#8221;20px&#8221;][vc_video link=&#8221;https:\/\/vimeo.com\/161893436&#8243; align=&#8221;center&#8221;][vc_empty_space height=&#8221;40px&#8221;][\/vc_column][\/vc_row][vc_row][vc_column][vc_column_text]<strong>L.E.V. 2017 | LABORATORIO DE ELECTR\u00d3NICA VISUAL<\/strong><br \/>\n<strong>XI Festival Internacional de Creaci\u00f3n Audiovisual de Gij\u00f3n<\/strong><\/p>\n<p>Factory Floor Live A\/V (DFA Records, Uk)<\/p>\n<p>Byetone &amp;\u00a0Markus Heckmann present \u201cPilot\u201d special live A\/V (raster-noton, De\/Ca) (world premiere)<\/p>\n<p>Samuel Kerridge FLA Live A\/V (Downwards, Uk)<\/p>\n<p>Red Bull Music Academy presents Hauschka \u201cWhat if\u201d Live A\/V (De)<\/p>\n<p>Amnesia Scanner &amp; Bill Kouligas present \u201cLexachast\u201d (De)<\/p>\n<p>John Beltran Live (Delsin, USA) (world premiere)<\/p>\n<p>Lorenzo Senni (Warp, It)<\/p>\n<p>Synkro (Apollo Recordings, Uk)<\/p>\n<p>Logos Live\u00a0(Keysound Recordings, Uk) (world premiere)<\/p>\n<p>Nicolas Bernier presents \u201cfrequencies (synthetic variations)\u201d (Ca)<\/p>\n<p>Martin Messier presents \u201cField\u201d (Ca)<\/p>\n<p>Kara Lis Coverdale &amp; MFO (Sacred Phrases, Ca\/ De)<\/p>\n<p>Container (Diagonal, USA)<\/p>\n<p>Julia Kent (Leaf, Ca)<\/p>\n<p>Kiki Hitomi (Jahtari, Jp)<\/p>\n<p>IVVVO (Halcyon Veil, Pt)<\/p>\n<p>Novi_sad &amp; Ryoichi Kurokawa present \u201cSirens\u201d (Sub Rosa, Gr\/Jp)<\/p>\n<p>Skygaze \u201cWeightless Landscapes\u201d A\/V (Love Our Records, Es)\u00a0(world premiere)<\/p>\n<p>Alex Augier presents _nybble_ (Fr)<\/p>\n<p>Oscar Sol (Electronic Performers, Es)<\/p>\n<p><strong>Installations<\/strong><\/p>\n<p>Olivier Ratsi \u201cOnion Skin\u201d (Fr)<\/p>\n<p>Maotik \u201cAeryon\u201d (Ca) (World Premiere)<\/p>\n<p>Daniel Iregui \u201cControl No Control\u201d (Ca)<\/p>\n<p>Martin Messier \u201cBo\u00eete Noire\u201d (Ca)<\/p>\n<p>Carlos Coronas \u201cLampyridae\u201d (Es)[\/vc_column_text][vc_empty_space height=&#8221;40px&#8221;][vc_single_image image=&#8221;33050&#8243; img_size=&#8221;full&#8221; alignment=&#8221;center&#8221;][\/vc_column][\/vc_row]<\/p>\n","protected":false},"excerpt":{"rendered":"<p>[vc_row][vc_column][vc_empty_space height=&#8221;60px&#8221;][vc_single_image image=&#8221;33003&#8243; img_size=&#8221;full&#8221; alignment=&#8221;center&#8221;][vc_empty_space height=&#8221;20px&#8221;][edgtf_section_title position=&#8221;center&#8221; disable_separator=&#8221;yes&#8221; title_tag=&#8221;h3&#8243; disable_title_break_words=&#8221;no&#8221; title=&#8221;NEW LOCATIONS AROUND TOWN \/AUDIOVISUAL INSTALLATIONS CIRCUIT&#8221;][vc_empty_space height=&#8221;20px&#8221;][vc_column_text]In its search for the evolution of new audiovisual languages, L.E.V. presents 5 of the most remarkable current names from this scene to create a circuit around town where different audiovisual installations will take place. Olivier Ratsi \u201cOnion [&hellip;]<\/p>\n","protected":false},"author":1,"featured_media":37243,"comment_status":"closed","ping_status":"open","sticky":false,"template":"","format":"standard","meta":{"footnotes":""},"categories":[27],"tags":[],"class_list":["post-33061","post","type-post","status-publish","format-standard","has-post-thumbnail","hentry","category-gijon"],"yoast_head":"<!-- This site is optimized with the Yoast SEO plugin v20.7 - https:\/\/yoast.com\/wordpress\/plugins\/seo\/ -->\n<title>New Locations Around Town \/ Audiovisual Installations Circuit - LEV Festival<\/title>\n<meta name=\"robots\" content=\"index, follow, max-snippet:-1, max-image-preview:large, max-video-preview:-1\" \/>\n<link rel=\"canonical\" href=\"https:\/\/levfestival.com\/en\/new-locations-around-town-audiovisual-installations-circuit\/\" \/>\n<meta property=\"og:locale\" content=\"en_US\" \/>\n<meta property=\"og:type\" content=\"article\" \/>\n<meta property=\"og:title\" content=\"L.E.V. Festival 2017_Circuito de Instalaciones Audiovisuales\" \/>\n<meta property=\"og:description\" content=\"L.E.V. (Laboratorio de Electr\u00f3nica Visual) es un festival centrado en la sinergia entre la imagen y el sonido mediante la creaci\u00f3n sonora electr\u00f3nica y las nuevas tendencias art\u00edsticas.\" \/>\n<meta property=\"og:url\" content=\"https:\/\/levfestival.com\/en\/new-locations-around-town-audiovisual-installations-circuit\/\" \/>\n<meta property=\"og:site_name\" content=\"LEV Festival\" \/>\n<meta property=\"article:published_time\" content=\"2017-03-12T09:29:00+00:00\" \/>\n<meta property=\"article:modified_time\" content=\"2023-01-25T20:23:48+00:00\" \/>\n<meta property=\"og:image\" content=\"https:\/\/levfestival.com\/wp-content\/uploads\/2021\/08\/LEV2017_News_Circuito_m.jpg\" \/>\n\t<meta property=\"og:image:width\" content=\"833\" \/>\n\t<meta property=\"og:image:height\" content=\"317\" \/>\n\t<meta property=\"og:image:type\" content=\"image\/jpeg\" \/>\n<meta name=\"author\" content=\"Humme\" \/>\n<meta name=\"twitter:card\" content=\"summary_large_image\" \/>\n<meta name=\"twitter:title\" content=\"L.E.V. Festival 2017_Circuito de Instalaciones Audiovisuales\" \/>\n<meta name=\"twitter:description\" content=\"L.E.V. (Laboratorio de Electr\u00f3nica Visual) es un festival centrado en la sinergia entre la imagen y el sonido mediante la creaci\u00f3n sonora electr\u00f3nica y las nuevas tendencias art\u00edsticas.\" \/>\n<meta name=\"twitter:label1\" content=\"Written by\" \/>\n\t<meta name=\"twitter:data1\" content=\"Humme\" \/>\n\t<meta name=\"twitter:label2\" content=\"Est. reading time\" \/>\n\t<meta name=\"twitter:data2\" content=\"8 minutes\" \/>\n<script type=\"application\/ld+json\" class=\"yoast-schema-graph\">{\"@context\":\"https:\/\/schema.org\",\"@graph\":[{\"@type\":\"WebPage\",\"@id\":\"https:\/\/levfestival.com\/en\/new-locations-around-town-audiovisual-installations-circuit\/\",\"url\":\"https:\/\/levfestival.com\/en\/new-locations-around-town-audiovisual-installations-circuit\/\",\"name\":\"New Locations Around Town \/ Audiovisual Installations Circuit - LEV Festival\",\"isPartOf\":{\"@id\":\"https:\/\/levfestival.com\/#website\"},\"datePublished\":\"2017-03-12T09:29:00+00:00\",\"dateModified\":\"2023-01-25T20:23:48+00:00\",\"author\":{\"@id\":\"https:\/\/levfestival.com\/#\/schema\/person\/e2142c72a7272670c965c75a56382bcf\"},\"inLanguage\":\"en-US\",\"potentialAction\":[{\"@type\":\"ReadAction\",\"target\":[\"https:\/\/levfestival.com\/en\/new-locations-around-town-audiovisual-installations-circuit\/\"]}]},{\"@type\":\"WebSite\",\"@id\":\"https:\/\/levfestival.com\/#website\",\"url\":\"https:\/\/levfestival.com\/\",\"name\":\"LEV Festival\",\"description\":\"LEV\",\"potentialAction\":[{\"@type\":\"SearchAction\",\"target\":{\"@type\":\"EntryPoint\",\"urlTemplate\":\"https:\/\/levfestival.com\/?s={search_term_string}\"},\"query-input\":\"required name=search_term_string\"}],\"inLanguage\":\"en-US\"},{\"@type\":\"Person\",\"@id\":\"https:\/\/levfestival.com\/#\/schema\/person\/e2142c72a7272670c965c75a56382bcf\",\"name\":\"Humme\",\"image\":{\"@type\":\"ImageObject\",\"inLanguage\":\"en-US\",\"@id\":\"https:\/\/levfestival.com\/#\/schema\/person\/image\/\",\"url\":\"https:\/\/secure.gravatar.com\/avatar\/c27bb9a5fc06001117e06658d7a38b765cd67431eeb3ce3eeb3aedae32d683ee?s=96&d=mm&r=g\",\"contentUrl\":\"https:\/\/secure.gravatar.com\/avatar\/c27bb9a5fc06001117e06658d7a38b765cd67431eeb3ce3eeb3aedae32d683ee?s=96&d=mm&r=g\",\"caption\":\"Humme\"},\"sameAs\":[\"https:\/\/levfestival.com\/lev\"],\"url\":\"https:\/\/levfestival.com\/en\/author\/humme\/\"}]}<\/script>\n<!-- \/ Yoast SEO plugin. -->","yoast_head_json":{"title":"New Locations Around Town \/ Audiovisual Installations Circuit - LEV Festival","robots":{"index":"index","follow":"follow","max-snippet":"max-snippet:-1","max-image-preview":"max-image-preview:large","max-video-preview":"max-video-preview:-1"},"canonical":"https:\/\/levfestival.com\/en\/new-locations-around-town-audiovisual-installations-circuit\/","og_locale":"en_US","og_type":"article","og_title":"L.E.V. Festival 2017_Circuito de Instalaciones Audiovisuales","og_description":"L.E.V. (Laboratorio de Electr\u00f3nica Visual) es un festival centrado en la sinergia entre la imagen y el sonido mediante la creaci\u00f3n sonora electr\u00f3nica y las nuevas tendencias art\u00edsticas.","og_url":"https:\/\/levfestival.com\/en\/new-locations-around-town-audiovisual-installations-circuit\/","og_site_name":"LEV Festival","article_published_time":"2017-03-12T09:29:00+00:00","article_modified_time":"2023-01-25T20:23:48+00:00","og_image":[{"width":833,"height":317,"url":"https:\/\/levfestival.com\/wp-content\/uploads\/2021\/08\/LEV2017_News_Circuito_m.jpg","type":"image\/jpeg"}],"author":"Humme","twitter_card":"summary_large_image","twitter_title":"L.E.V. Festival 2017_Circuito de Instalaciones Audiovisuales","twitter_description":"L.E.V. (Laboratorio de Electr\u00f3nica Visual) es un festival centrado en la sinergia entre la imagen y el sonido mediante la creaci\u00f3n sonora electr\u00f3nica y las nuevas tendencias art\u00edsticas.","twitter_misc":{"Written by":"Humme","Est. reading time":"8 minutes"},"schema":{"@context":"https:\/\/schema.org","@graph":[{"@type":"WebPage","@id":"https:\/\/levfestival.com\/en\/new-locations-around-town-audiovisual-installations-circuit\/","url":"https:\/\/levfestival.com\/en\/new-locations-around-town-audiovisual-installations-circuit\/","name":"New Locations Around Town \/ Audiovisual Installations Circuit - LEV Festival","isPartOf":{"@id":"https:\/\/levfestival.com\/#website"},"datePublished":"2017-03-12T09:29:00+00:00","dateModified":"2023-01-25T20:23:48+00:00","author":{"@id":"https:\/\/levfestival.com\/#\/schema\/person\/e2142c72a7272670c965c75a56382bcf"},"inLanguage":"en-US","potentialAction":[{"@type":"ReadAction","target":["https:\/\/levfestival.com\/en\/new-locations-around-town-audiovisual-installations-circuit\/"]}]},{"@type":"WebSite","@id":"https:\/\/levfestival.com\/#website","url":"https:\/\/levfestival.com\/","name":"LEV Festival","description":"LEV","potentialAction":[{"@type":"SearchAction","target":{"@type":"EntryPoint","urlTemplate":"https:\/\/levfestival.com\/?s={search_term_string}"},"query-input":"required name=search_term_string"}],"inLanguage":"en-US"},{"@type":"Person","@id":"https:\/\/levfestival.com\/#\/schema\/person\/e2142c72a7272670c965c75a56382bcf","name":"Humme","image":{"@type":"ImageObject","inLanguage":"en-US","@id":"https:\/\/levfestival.com\/#\/schema\/person\/image\/","url":"https:\/\/secure.gravatar.com\/avatar\/c27bb9a5fc06001117e06658d7a38b765cd67431eeb3ce3eeb3aedae32d683ee?s=96&d=mm&r=g","contentUrl":"https:\/\/secure.gravatar.com\/avatar\/c27bb9a5fc06001117e06658d7a38b765cd67431eeb3ce3eeb3aedae32d683ee?s=96&d=mm&r=g","caption":"Humme"},"sameAs":["https:\/\/levfestival.com\/lev"],"url":"https:\/\/levfestival.com\/en\/author\/humme\/"}]}},"_links":{"self":[{"href":"https:\/\/levfestival.com\/en\/wp-json\/wp\/v2\/posts\/33061","targetHints":{"allow":["GET"]}}],"collection":[{"href":"https:\/\/levfestival.com\/en\/wp-json\/wp\/v2\/posts"}],"about":[{"href":"https:\/\/levfestival.com\/en\/wp-json\/wp\/v2\/types\/post"}],"author":[{"embeddable":true,"href":"https:\/\/levfestival.com\/en\/wp-json\/wp\/v2\/users\/1"}],"replies":[{"embeddable":true,"href":"https:\/\/levfestival.com\/en\/wp-json\/wp\/v2\/comments?post=33061"}],"version-history":[{"count":8,"href":"https:\/\/levfestival.com\/en\/wp-json\/wp\/v2\/posts\/33061\/revisions"}],"predecessor-version":[{"id":36259,"href":"https:\/\/levfestival.com\/en\/wp-json\/wp\/v2\/posts\/33061\/revisions\/36259"}],"wp:featuredmedia":[{"embeddable":true,"href":"https:\/\/levfestival.com\/en\/wp-json\/wp\/v2\/media\/37243"}],"wp:attachment":[{"href":"https:\/\/levfestival.com\/en\/wp-json\/wp\/v2\/media?parent=33061"}],"wp:term":[{"taxonomy":"category","embeddable":true,"href":"https:\/\/levfestival.com\/en\/wp-json\/wp\/v2\/categories?post=33061"},{"taxonomy":"post_tag","embeddable":true,"href":"https:\/\/levfestival.com\/en\/wp-json\/wp\/v2\/tags?post=33061"}],"curies":[{"name":"wp","href":"https:\/\/api.w.org\/{rel}","templated":true}]}}