{"id":37378,"date":"2023-03-08T13:45:01","date_gmt":"2023-03-08T12:45:01","guid":{"rendered":"https:\/\/levfestival.com\/l-e-v-festival-presenta-nuevos-nombres-para-su-edicion-2023-en-gijon\/"},"modified":"2023-03-09T12:20:52","modified_gmt":"2023-03-09T11:20:52","slug":"l-e-v-festival-announces-new-names-for-the-2023-edition-in-gijon","status":"publish","type":"post","link":"https:\/\/levfestival.com\/en\/l-e-v-festival-announces-new-names-for-the-2023-edition-in-gijon\/","title":{"rendered":"L.E.V. FESTIVAL ANNOUNCES NEW NAMES FOR THE 2023 EDITION IN GIJ\u00d3N"},"content":{"rendered":"\n<style type=\"text\/css\" data-created_by=\"avia_inline_auto\" id=\"style-css-av-ldzreqp3-31d5bee1365fa9a1d2259fed2eb5a17d\">\n\n@media only screen and (min-width: 768px) and (max-width: 989px){ \n.avia-section.av-ldzreqp3-31d5bee1365fa9a1d2259fed2eb5a17d{\nmargin-bottom:0;\n}\n}\n\n@media only screen and (min-width: 480px) and (max-width: 767px){ \n.avia-section.av-ldzreqp3-31d5bee1365fa9a1d2259fed2eb5a17d{\nmargin-bottom:0;\n}\n}\n\n@media only screen and (max-width: 479px){ \n.avia-section.av-ldzreqp3-31d5bee1365fa9a1d2259fed2eb5a17d{\nmargin-bottom:0;\n}\n}\n<\/style>\n<div id='av_section_1'  class='avia-section av-ldzreqp3-31d5bee1365fa9a1d2259fed2eb5a17d main_color avia-section-small avia-no-border-styling  avia-builder-el-0  el_before_av_slideshow_full  avia-builder-el-first  avia-bg-style-scroll container_wrap fullsize'  ><div class='container av-section-cont-open' ><main  role=\"main\" itemprop=\"mainContentOfPage\"  class='template-page content  av-content-full alpha units'><div class='post-entry post-entry-type-page post-entry-37378'><div class='entry-content-wrapper clearfix'>\n\n<style type=\"text\/css\" data-created_by=\"avia_inline_auto\" id=\"style-css-av-ldzrgwwu-e402b224a5e93e9a8d35d151a0d38bc4\">\n#top .flex_column.av-ldzrgwwu-e402b224a5e93e9a8d35d151a0d38bc4{\nmargin-top:0px;\nmargin-bottom:0px;\n}\n.flex_column.av-ldzrgwwu-e402b224a5e93e9a8d35d151a0d38bc4{\npadding:50px 0 0 0;\n}\n.responsive #top #wrap_all .flex_column.av-ldzrgwwu-e402b224a5e93e9a8d35d151a0d38bc4{\nmargin-top:0px;\nmargin-bottom:0px;\n}\n\n@media only screen and (min-width: 480px) and (max-width: 767px){ \n#top .flex_column.av-ldzrgwwu-e402b224a5e93e9a8d35d151a0d38bc4{\nmargin-bottom:0;\n}\n.responsive #top #wrap_all .flex_column.av-ldzrgwwu-e402b224a5e93e9a8d35d151a0d38bc4{\nmargin-bottom:0;\n}\n}\n\n@media only screen and (max-width: 479px){ \n#top .flex_column.av-ldzrgwwu-e402b224a5e93e9a8d35d151a0d38bc4{\nmargin-bottom:0;\n}\n.responsive #top #wrap_all .flex_column.av-ldzrgwwu-e402b224a5e93e9a8d35d151a0d38bc4{\nmargin-bottom:0;\n}\n}\n<\/style>\n<div class='flex_column av-ldzrgwwu-e402b224a5e93e9a8d35d151a0d38bc4 av_one_half  avia-builder-el-1  avia-builder-el-no-sibling  first flex_column_div '     ><section  class='av_textblock_section av-ldsyb8wu-dac27b87689b49f854bb1a4860ed58d5'  itemscope=\"itemscope\" itemtype=\"https:\/\/schema.org\/BlogPosting\" itemprop=\"blogPost\" ><div class='avia_textblock'  itemprop=\"text\" ><h1>L.E.V. FESTIVAL ANNOUNCES NEW NAMES FOR THE 2023 EDITION IN GIJ\u00d3N<\/h1>\n<\/div><\/section><\/div>\n\n<\/div><\/div><\/main><!-- close content main element --><\/div><\/div><div id='full_slider_1'  class='avia-fullwidth-slider main_color avia-shadow   avia-builder-el-3  el_after_av_section  el_before_av_section   slider-not-first container_wrap fullsize'  >\n<style type=\"text\/css\" data-created_by=\"avia_inline_auto\" id=\"style-css-av-ldzrdrpo-c43c541ea6f2c694adc7012495df9e75\">\n.avia-slideshow.av-ldzrdrpo-c43c541ea6f2c694adc7012495df9e75 .av-image-copyright{\ncolor:#ffffff;\n}\n<\/style>\n<div  class='avia-slideshow av-ldzrdrpo-c43c541ea6f2c694adc7012495df9e75 avia-slideshow-no scaling av_slideshow_full avia-slide-slider av-slideshow-ui av-control-default av-slideshow-manual av-loop-once av-loop-manual-endless av-default-height-applied   avia-slideshow-1' data-slideshow-options=\"{&quot;animation&quot;:&quot;slide&quot;,&quot;autoplay&quot;:false,&quot;loop_autoplay&quot;:&quot;once&quot;,&quot;interval&quot;:5,&quot;loop_manual&quot;:&quot;manual-endless&quot;,&quot;autoplay_stopper&quot;:false,&quot;noNavigation&quot;:false,&quot;bg_slider&quot;:false,&quot;keep_padding&quot;:false,&quot;hoverpause&quot;:false,&quot;show_slide_delay&quot;:0}\"  itemprop=\"image\" itemscope=\"itemscope\" itemtype=\"https:\/\/schema.org\/ImageObject\" ><ul class='avia-slideshow-inner ' style='padding-bottom: 66.555555555556%;'><li  class='avia-slideshow-slide av-ldzrdrpo-c43c541ea6f2c694adc7012495df9e75__0  av-single-slide slide-1 slide-odd'><div data-rel='slideshow-1' class='avia-slide-wrap '   ><img decoding=\"async\" class=\"wp-image-37358 avia-img-lazy-loading-not-37358\"  src=\"https:\/\/levfestival.com\/wp-content\/uploads\/2023\/03\/Chroniques_Krasis_Playe-Radulescu_noticia-1.webp\" width=\"1800\" height=\"1198\" title='Chroniques_Krasis_Playe-Radulescu_noticia' alt=''  itemprop=\"thumbnailUrl\" srcset=\"https:\/\/levfestival.com\/wp-content\/uploads\/2023\/03\/Chroniques_Krasis_Playe-Radulescu_noticia-1.webp 1800w, https:\/\/levfestival.com\/wp-content\/uploads\/2023\/03\/Chroniques_Krasis_Playe-Radulescu_noticia-1-300x200.webp 300w, https:\/\/levfestival.com\/wp-content\/uploads\/2023\/03\/Chroniques_Krasis_Playe-Radulescu_noticia-1-1030x686.webp 1030w, https:\/\/levfestival.com\/wp-content\/uploads\/2023\/03\/Chroniques_Krasis_Playe-Radulescu_noticia-1-768x511.webp 768w, https:\/\/levfestival.com\/wp-content\/uploads\/2023\/03\/Chroniques_Krasis_Playe-Radulescu_noticia-1-1536x1022.webp 1536w, https:\/\/levfestival.com\/wp-content\/uploads\/2023\/03\/Chroniques_Krasis_Playe-Radulescu_noticia-1-1500x998.webp 1500w, https:\/\/levfestival.com\/wp-content\/uploads\/2023\/03\/Chroniques_Krasis_Playe-Radulescu_noticia-1-705x469.webp 705w\" sizes=\"(max-width: 1800px) 100vw, 1800px\" \/><\/div><\/li><\/ul><\/div><\/div>\n\n<style type=\"text\/css\" data-created_by=\"avia_inline_auto\" id=\"style-css-av-5qn5v2e-4488688daf237fb33f9d7a846317bbcf\">\n.avia-section.av-5qn5v2e-4488688daf237fb33f9d7a846317bbcf{\nmargin-top:0;\nmargin-bottom:0px;\n}\n<\/style>\n<div id='av_section_2'  class='avia-section av-5qn5v2e-4488688daf237fb33f9d7a846317bbcf main_color avia-section-small avia-no-border-styling  avia-builder-el-4  el_after_av_slideshow_full  avia-builder-el-last  avia-bg-style-scroll container_wrap fullsize'  ><div class='container av-section-cont-open' ><div class='template-page content  av-content-full alpha units'><div class='post-entry post-entry-type-page post-entry-37378'><div class='entry-content-wrapper clearfix'>\n\n<style type=\"text\/css\" data-created_by=\"avia_inline_auto\" id=\"style-css-av-58fpr6u-48ee9a3aa40d67af56fc7afb0e96c71e\">\n#top .hr.hr-invisible.av-58fpr6u-48ee9a3aa40d67af56fc7afb0e96c71e{\nheight:20px;\n}\n<\/style>\n<div  class='hr av-58fpr6u-48ee9a3aa40d67af56fc7afb0e96c71e hr-invisible  avia-builder-el-5  el_before_av_one_half  avia-builder-el-first '><span class='hr-inner '><span class=\"hr-inner-style\"><\/span><\/span><\/div>\n\n<style type=\"text\/css\" data-created_by=\"avia_inline_auto\" id=\"style-css-av-lezfd2te-b7a914ba2eba2125af62a9549fa90c38\">\n#top .flex_column.av-lezfd2te-b7a914ba2eba2125af62a9549fa90c38{\nmargin-top:0px;\nmargin-bottom:0px;\n}\n.responsive #top #wrap_all .flex_column.av-lezfd2te-b7a914ba2eba2125af62a9549fa90c38{\nmargin-top:0px;\nmargin-bottom:0px;\n}\n\n@media only screen and (min-width: 480px) and (max-width: 767px){ \n#top .flex_column.av-lezfd2te-b7a914ba2eba2125af62a9549fa90c38{\nmargin-bottom:0;\n}\n.responsive #top #wrap_all .flex_column.av-lezfd2te-b7a914ba2eba2125af62a9549fa90c38{\nmargin-bottom:0;\n}\n}\n\n@media only screen and (max-width: 479px){ \n#top .flex_column.av-lezfd2te-b7a914ba2eba2125af62a9549fa90c38{\nmargin-bottom:0;\n}\n.responsive #top #wrap_all .flex_column.av-lezfd2te-b7a914ba2eba2125af62a9549fa90c38{\nmargin-bottom:0;\n}\n}\n<\/style>\n<div class='flex_column av-lezfd2te-b7a914ba2eba2125af62a9549fa90c38 av_one_half  avia-builder-el-6  el_after_av_hr  el_before_av_one_half  first flex_column_div '     ><style type=\"text\/css\" data-created_by=\"avia_inline_auto\" id=\"style-css-av-lezf4zvk-a0efcdd1c80c06c1b0df483961da29d3\">\n#top .av_textblock_section.av-lezf4zvk-a0efcdd1c80c06c1b0df483961da29d3 .avia_textblock{\ncolor:#0003e9;\n}\n<\/style>\n<section  class='av_textblock_section av-lezf4zvk-a0efcdd1c80c06c1b0df483961da29d3'  itemscope=\"itemscope\" itemtype=\"https:\/\/schema.org\/BlogPosting\" itemprop=\"blogPost\" ><div class='avia_textblock av_inherit_color'  itemprop=\"text\" ><p><strong>Between April 27 and 30, with the support of Gij\u00f3n&#8217;s Town Council and the Principality of Asturias, the festival will host a four-day line-up in different spaces of the town, including local, national and international artists working in the fields of electronic sound experimentation and contemporary audiovisual and digital creation.<\/strong><\/p>\n<\/div><\/section><\/div>\n<style type=\"text\/css\" data-created_by=\"avia_inline_auto\" id=\"style-css-av-e86it2k-b92d0dcb5700339d360b46c94e95b09e\">\n#top .flex_column.av-e86it2k-b92d0dcb5700339d360b46c94e95b09e{\nmargin-top:0px;\nmargin-bottom:0px;\n}\n.flex_column.av-e86it2k-b92d0dcb5700339d360b46c94e95b09e{\npadding:50px 0 0 0;\n}\n.responsive #top #wrap_all .flex_column.av-e86it2k-b92d0dcb5700339d360b46c94e95b09e{\nmargin-top:0px;\nmargin-bottom:0px;\n}\n\n@media only screen and (min-width: 480px) and (max-width: 767px){ \n#top .flex_column.av-e86it2k-b92d0dcb5700339d360b46c94e95b09e{\nmargin-bottom:0;\n}\n.responsive #top #wrap_all .flex_column.av-e86it2k-b92d0dcb5700339d360b46c94e95b09e{\nmargin-bottom:0;\n}\n}\n\n@media only screen and (max-width: 479px){ \n#top .flex_column.av-e86it2k-b92d0dcb5700339d360b46c94e95b09e{\nmargin-bottom:0;\n}\n.responsive #top #wrap_all .flex_column.av-e86it2k-b92d0dcb5700339d360b46c94e95b09e{\nmargin-bottom:0;\n}\n}\n<\/style>\n<div class='flex_column av-e86it2k-b92d0dcb5700339d360b46c94e95b09e av_one_half  avia-builder-el-8  el_after_av_one_half  el_before_av_one_half  flex_column_div '     ><\/div><div class='flex_column_table av-ldz3eguf-a30693536a0c0ca129001996167af55e sc-av_one_half av-equal-height-column-flextable'>\n<style type=\"text\/css\" data-created_by=\"avia_inline_auto\" id=\"style-css-av-ldz3eguf-a30693536a0c0ca129001996167af55e\">\n#top .flex_column_table.av-equal-height-column-flextable.av-ldz3eguf-a30693536a0c0ca129001996167af55e{\nmargin-top:50px;\nmargin-bottom:50px;\n}\n<\/style>\n<div class='flex_column av-ldz3eguf-a30693536a0c0ca129001996167af55e av_one_half  avia-builder-el-9  el_after_av_one_half  el_before_av_one_half  first flex_column_table_cell av-equal-height-column av-align-top column-top-margin'     ><style type=\"text\/css\" data-created_by=\"avia_inline_auto\" id=\"style-css-av-ldz2l48x-b6954a0ea1d72b6b9ef0bf8a390ade0f\">\n#top .av_textblock_section.av-ldz2l48x-b6954a0ea1d72b6b9ef0bf8a390ade0f .avia_textblock{\ncolor:#0003e9;\n}\n<\/style>\n<section  class='av_textblock_section av-ldz2l48x-b6954a0ea1d72b6b9ef0bf8a390ade0f'  itemscope=\"itemscope\" itemtype=\"https:\/\/schema.org\/BlogPosting\" itemprop=\"blogPost\" ><div class='avia_textblock av_inherit_color'  itemprop=\"text\" ><p>The first confirmed artists were announced in February, and now the festival reveals a long list of new additions for the line-up of this 17th edition in Gij\u00f3n (Asturias), including world premieres and live debuts of new albums by renowned artists, as well as surprising collaborations of artists from different fields.<\/p>\n<p>On Friday 28 and Saturday 29, Teatro de la Laboral will host audiovisual performances by Robert Henke, H\u00e9l\u00e8ne Vogelsinger, Franck Vigroux &#038; Antoine Schmitt, Grand River, Kathy Hinde, Annabelle Playe &#038; Alexandra R\u0103dulescu and Claraguilar.<\/p>\n<p>One of the most special events of this year will be the closing act, on Sunday April 30 at Teatro Jovellanos. For this event, the festival brings back one of the most outstanding audiovisual works from the last years: the live-media performance <i>D\u00f6kk<\/i> by the Italian studio Fuse*.<\/p>\n<\/div><\/section><\/div><div class='av-flex-placeholder'><\/div>\n<style type=\"text\/css\" data-created_by=\"avia_inline_auto\" id=\"style-css-av-3hf5sw6-e8cba92652207810c6dcf346e7943e2e\">\n#top .flex_column_table.av-equal-height-column-flextable.av-3hf5sw6-e8cba92652207810c6dcf346e7943e2e{\nmargin-top:0px;\nmargin-bottom:0px;\n}\n<\/style>\n<div class='flex_column av-3hf5sw6-e8cba92652207810c6dcf346e7943e2e av_one_half  avia-builder-el-11  el_after_av_one_half  el_before_av_one_half  flex_column_table_cell av-equal-height-column av-align-top column-top-margin'     ><style type=\"text\/css\" data-created_by=\"avia_inline_auto\" id=\"style-css-av-ldz2j66l-73dc70bafd3fa2cbb6a420a504b14d96\">\n#top .av_textblock_section.av-ldz2j66l-73dc70bafd3fa2cbb6a420a504b14d96 .avia_textblock{\ncolor:#0003e9;\n}\n<\/style>\n<section  class='av_textblock_section av-ldz2j66l-73dc70bafd3fa2cbb6a420a504b14d96'  itemscope=\"itemscope\" itemtype=\"https:\/\/schema.org\/BlogPosting\" itemprop=\"blogPost\" ><div class='avia_textblock av_inherit_color'  itemprop=\"text\" ><p>Night activities will be resumed at Nave de LABoral Centro de Arte on Saturday 29, with live shows by Throwing Snow, Zo\u00eb McPherson &#038; Alessandra Leone, Ninos du Brasil, Kai Whiston and Enxin\/Onyx.<\/p>\n<p>Also on Saturday 29, the festival keeps the daytime live shows at Mus\u00e9u del Pueblu d\u2019Asturies, featuring such renowned international artists as Ikonika, WaqWaq Kingdom and James Shinra, and local names as iconic as Komatssu and Jailed Jamie (a Skygaze side project), in a collaboration with Helios Amor.<\/p>\n<p>This new L.E.V. Festival brings back the daytime shows at Jard\u00edn Bot\u00e1nico Atl\u00e1ntico on Sunday April 30, in an innovative format that will be announced soon, along with the artists who will perform in this space.<\/p>\n<p>This year&#8217;s line-up will also include audiovisual installations and activities related to extended realities, in synergy with the Arenas Movedizas project, LABoral Centro de Arte y el Centro de Cultura Antiguo Instituto.<\/p>\n<\/div><\/section><\/div><\/div><!--close column table wrapper. Autoclose: 1 -->\n<style type=\"text\/css\" data-created_by=\"avia_inline_auto\" id=\"style-css-av-ldz3zomk-4241ebefd8c2e34393016c070935abb8\">\n#top .flex_column.av-ldz3zomk-4241ebefd8c2e34393016c070935abb8{\nmargin-top:0px;\nmargin-bottom:0px;\n}\n.flex_column.av-ldz3zomk-4241ebefd8c2e34393016c070935abb8{\npadding:0 0 0 0;\n}\n.responsive #top #wrap_all .flex_column.av-ldz3zomk-4241ebefd8c2e34393016c070935abb8{\nmargin-top:0px;\nmargin-bottom:0px;\n}\n<\/style>\n<div class='flex_column av-ldz3zomk-4241ebefd8c2e34393016c070935abb8 av_one_half  avia-builder-el-13  el_after_av_one_half  el_before_av_one_half  caption-before-ul first flex_column_div av-zero-column-padding column-top-margin'     ><style type=\"text\/css\" data-created_by=\"avia_inline_auto\" id=\"style-css-av-ldz3qsny-8107172ff97050489c8d44299a2621c0\">\n#top .av_textblock_section.av-ldz3qsny-8107172ff97050489c8d44299a2621c0 .avia_textblock{\nfont-size:20px;\n}\n<\/style>\n<section  class='av_textblock_section av-ldz3qsny-8107172ff97050489c8d44299a2621c0'  itemscope=\"itemscope\" itemtype=\"https:\/\/schema.org\/BlogPosting\" itemprop=\"blogPost\" ><div class='avia_textblock'  itemprop=\"text\" ><p style=\"text-align: left; text-transform: uppercase;\"> Day tickets and Friday+Saturday tickets available for sale <a href=\"https:\/\/levfestival.com\/23-gijon\/en\/entradas\/\" target=\"_blank\" rel=\"noopener\">here<\/a><\/p>\n<\/div><\/section><\/div>\n<style type=\"text\/css\" data-created_by=\"avia_inline_auto\" id=\"style-css-av-33hutja-029d0cbeb5448966abe86ab99a4f5f8e\">\n#top .flex_column.av-33hutja-029d0cbeb5448966abe86ab99a4f5f8e{\nmargin-top:0px;\nmargin-bottom:0px;\n}\n.responsive #top #wrap_all .flex_column.av-33hutja-029d0cbeb5448966abe86ab99a4f5f8e{\nmargin-top:0px;\nmargin-bottom:0px;\n}\n<\/style>\n<div class='flex_column av-33hutja-029d0cbeb5448966abe86ab99a4f5f8e av_one_half  avia-builder-el-15  el_after_av_one_half  el_before_av_one_full  flex_column_div column-top-margin'     ><\/div><div class='flex_column av-2ex8yx2-b2b69affec0bcbaf843c34b07cbbbee8 av_one_full  avia-builder-el-16  el_after_av_one_half  el_before_av_hr  first flex_column_div column-top-margin'     ><section  class='av_textblock_section av-ldsydavh-30f5cf4fc01c058214f580bc49cf1964'  itemscope=\"itemscope\" itemtype=\"https:\/\/schema.org\/BlogPosting\" itemprop=\"blogPost\" ><div class='avia_textblock'  itemprop=\"text\" ><p><strong><a href=\"https:\/\/levfestival.com\/23-gijon\/en\/\">L.E.V. Festival (Laboratorio de Electr\u00f3nica Visual) <\/a>celebrates its 17th year in Gij\u00f3n\u00a0from April 27 to 30. With the support of Gij\u00f3n&#8217;s Town Council and the Principality of Asturias, once more the festival will turn the Asturian town into the epicenter of electronic sound experimentation and contemporary audiovisual and digital creation, with a four-day line-up in different spaces and cultural centers, featuring audiovisual performances and live shows, plus multiple art installations and activities around extended realities.<\/strong><\/p>\n<p>The first confirmed artists were announced in February (Robert Henke, Ikonika, Throwing Snow and H\u00e9l\u00e8ne Vogelsinger), and now <strong>the festival reveals a long list of new additions for the line-up of audiovisual performances and concerts for this 17th edition in Gij\u00f3n<\/strong>,<b> <\/b>including world premieres and live debuts of new albums by renowned artists, as well as surprising collaborations of artists from different fields.<\/p>\n<\/div><\/section><\/div>\n<style type=\"text\/css\" data-created_by=\"avia_inline_auto\" id=\"style-css-av-51d4sx2-0a167762aa96db50141a38eec25a81fa\">\n#top .hr.hr-invisible.av-51d4sx2-0a167762aa96db50141a38eec25a81fa{\nheight:50px;\n}\n<\/style>\n<div  class='hr av-51d4sx2-0a167762aa96db50141a38eec25a81fa hr-invisible  avia-builder-el-18  el_after_av_one_full  el_before_av_textblock '><span class='hr-inner '><span class=\"hr-inner-style\"><\/span><\/span><\/div>\n<section  class='av_textblock_section av-lezfimzf-231d54d95075c3aee6b05b33ea63584e'  itemscope=\"itemscope\" itemtype=\"https:\/\/schema.org\/BlogPosting\" itemprop=\"blogPost\" ><div class='avia_textblock'  itemprop=\"text\" ><h1>Teatro de la Laboral: Robert Henke, H\u00e9l\u00e8ne Vogelsinger, Franck Vigroux &#038; Antoine Schmitt, Grand River, Kathy Hinde, Annabelle Playe &#038; Alexandra R\u0103dulescu and Claraguilar<\/h1>\n<\/div><\/section>\n\n<style type=\"text\/css\" data-created_by=\"avia_inline_auto\" id=\"style-css-av-43uyqh2-d9ff84019f4a108a7500be66b1f8b804\">\n#top .hr.hr-invisible.av-43uyqh2-d9ff84019f4a108a7500be66b1f8b804{\nheight:20px;\n}\n<\/style>\n<div  class='hr av-43uyqh2-d9ff84019f4a108a7500be66b1f8b804 hr-invisible  avia-builder-el-20  el_after_av_textblock  el_before_av_textblock '><span class='hr-inner '><span class=\"hr-inner-style\"><\/span><\/span><\/div>\n<section  class='av_textblock_section av-ldsygc86-b918b54ecc21ebefb78cdd982eb6d9a9'  itemscope=\"itemscope\" itemtype=\"https:\/\/schema.org\/BlogPosting\" itemprop=\"blogPost\" ><div class='avia_textblock'  itemprop=\"text\" ><p><strong>Friday April 28 at Teatro de la Laboral<\/strong> will start with the premiere of <strong><em>All Above<\/em><\/strong>, the recently released album by <strong>Grand River<\/strong>, the project by composer and sound designer Aim\u00e9e Portioli. This deeply moving third work, her most ambitious and personal so far, blurs the line between her sophisticated, experimental electronic productions, influenced by minimalism and ambient and acoustic music made with vocals, strings, organs, guitars and synthesizers, using her piano as the focal point. Marco Ciceri will be in charge of the lights design.<\/p>\n<\/div><\/section>\n\n<style type=\"text\/css\" data-created_by=\"avia_inline_auto\" id=\"style-css-av-dq9fn4c-0c340483492398b06776b821da9c8d70\">\n#top .hr.hr-invisible.av-dq9fn4c-0c340483492398b06776b821da9c8d70{\nheight:20px;\n}\n<\/style>\n<div  class='hr av-dq9fn4c-0c340483492398b06776b821da9c8d70 hr-invisible  avia-builder-el-22  el_after_av_textblock  el_before_av_video '><span class='hr-inner '><span class=\"hr-inner-style\"><\/span><\/span><\/div>\n<div  class='avia-video av-ldsygv79-10fd40ef1410f683d007b31226643ec6 avia-video-16-9 av-no-preview-image avia-video-load-always av-lazyload-immediate av-lazyload-video-embed'  itemprop=\"video\" itemtype=\"https:\/\/schema.org\/VideoObject\"  data-original_url='https:\/\/youtu.be\/RWPAaZc0BWU'><script type='text\/html' class='av-video-tmpl'><div class='avia-iframe-wrap'><iframe loading=\"lazy\" title=\"Grand River - Human\" width=\"1500\" height=\"844\" src=\"https:\/\/www.youtube.com\/embed\/RWPAaZc0BWU?feature=oembed&autoplay=0&loop=0&controls=1&mute=0\" frameborder=\"0\" allow=\"accelerometer; autoplay; clipboard-write; encrypted-media; gyroscope; picture-in-picture; web-share\" allowfullscreen><\/iframe><\/div><\/script><div class='av-click-to-play-overlay'><div class=\"avia_playpause_icon\"><\/div><\/div><\/div>\n\n<style type=\"text\/css\" data-created_by=\"avia_inline_auto\" id=\"style-css-av-3lsc8li-04624abe2d066da414468966b4ad2861\">\n#top .hr.hr-invisible.av-3lsc8li-04624abe2d066da414468966b4ad2861{\nheight:20px;\n}\n<\/style>\n<div  class='hr av-3lsc8li-04624abe2d066da414468966b4ad2861 hr-invisible  avia-builder-el-24  el_after_av_video  el_before_av_textblock '><span class='hr-inner '><span class=\"hr-inner-style\"><\/span><\/span><\/div>\n<section  class='av_textblock_section av-ldsyhj9g-10134f577465c3f6c66b769de2368c90'  itemscope=\"itemscope\" itemtype=\"https:\/\/schema.org\/BlogPosting\" itemprop=\"blogPost\" ><div class='avia_textblock'  itemprop=\"text\" ><p><strong>Robert Henke<\/strong>, this year&#8217;s headline, will play after Grand River with his project <em>CBM 8032 AV<\/em>, created with vintage computers. With this audiovisual performance, the German digital artist explores the beauty of simple graphics and sounds, using five Commodore CBM 8032. This work plays with the ambivalence of contemporary aesthetics and the use of obsolete, limited, 40-year old technology. Technically speaking, everything about this project could have been done in 1980, but the artistic ideas behind this installation would be impossible without the cultural background of today.<\/p>\n<\/div><\/section>\n\n<style type=\"text\/css\" data-created_by=\"avia_inline_auto\" id=\"style-css-av-33pu11i-b528013b104164180f8ed36e022e0576\">\n#top .hr.hr-invisible.av-33pu11i-b528013b104164180f8ed36e022e0576{\nheight:20px;\n}\n<\/style>\n<div  class='hr av-33pu11i-b528013b104164180f8ed36e022e0576 hr-invisible  avia-builder-el-26  el_after_av_textblock  el_before_av_image '><span class='hr-inner '><span class=\"hr-inner-style\"><\/span><\/span><\/div>\n\n<style type=\"text\/css\" data-created_by=\"avia_inline_auto\" id=\"style-css-av-lezfqck5-0e0bc8218f2c2b4bc65c6b49f109c1ea\">\n.avia-image-container.av-lezfqck5-0e0bc8218f2c2b4bc65c6b49f109c1ea img.avia_image{\nbox-shadow:none;\n}\n.avia-image-container.av-lezfqck5-0e0bc8218f2c2b4bc65c6b49f109c1ea .av-image-caption-overlay-center{\ncolor:#ffffff;\n}\n<\/style>\n<div  class='avia-image-container av-lezfqck5-0e0bc8218f2c2b4bc65c6b49f109c1ea av-styling- avia-align-center  avia-builder-el-27  el_after_av_hr  el_before_av_hr  full-img-news'   itemprop=\"image\" itemscope=\"itemscope\" itemtype=\"https:\/\/schema.org\/ImageObject\" ><div class=\"avia-image-container-inner\"><div class=\"avia-image-overlay-wrap\"><img decoding=\"async\" class='wp-image-37322 avia-img-lazy-loading-not-37322 avia_image ' src=\"https:\/\/levfestival.com\/wp-content\/uploads\/2023\/03\/\u00a9Pieter-Kers_Robet-Henke-noticia.webp\" alt='' title='\u00a9Pieter Kers_Robet Henke-noticia'  height=\"1280\" width=\"1920\"  itemprop=\"thumbnailUrl\" srcset=\"https:\/\/levfestival.com\/wp-content\/uploads\/2023\/03\/\u00a9Pieter-Kers_Robet-Henke-noticia.webp 1920w, https:\/\/levfestival.com\/wp-content\/uploads\/2023\/03\/\u00a9Pieter-Kers_Robet-Henke-noticia-300x200.webp 300w, https:\/\/levfestival.com\/wp-content\/uploads\/2023\/03\/\u00a9Pieter-Kers_Robet-Henke-noticia-1030x687.webp 1030w, https:\/\/levfestival.com\/wp-content\/uploads\/2023\/03\/\u00a9Pieter-Kers_Robet-Henke-noticia-768x512.webp 768w, https:\/\/levfestival.com\/wp-content\/uploads\/2023\/03\/\u00a9Pieter-Kers_Robet-Henke-noticia-1536x1024.webp 1536w, https:\/\/levfestival.com\/wp-content\/uploads\/2023\/03\/\u00a9Pieter-Kers_Robet-Henke-noticia-1500x1000.webp 1500w, https:\/\/levfestival.com\/wp-content\/uploads\/2023\/03\/\u00a9Pieter-Kers_Robet-Henke-noticia-705x470.webp 705w\" sizes=\"(max-width: 1920px) 100vw, 1920px\" \/><\/div><\/div><\/div>\n\n<style type=\"text\/css\" data-created_by=\"avia_inline_auto\" id=\"style-css-av-2lw76ee-18060d9c02c9910cc48f587ac25a4b2c\">\n#top .hr.hr-invisible.av-2lw76ee-18060d9c02c9910cc48f587ac25a4b2c{\nheight:20px;\n}\n<\/style>\n<div  class='hr av-2lw76ee-18060d9c02c9910cc48f587ac25a4b2c hr-invisible  avia-builder-el-28  el_after_av_image  el_before_av_textblock '><span class='hr-inner '><span class=\"hr-inner-style\"><\/span><\/span><\/div>\n<section  class='av_textblock_section av-ldsyk7k0-7b26ef7f5bac71b5b1b06a909d94cdf6'  itemscope=\"itemscope\" itemtype=\"https:\/\/schema.org\/BlogPosting\" itemprop=\"blogPost\" ><div class='avia_textblock'  itemprop=\"text\" ><p><strong>Annabelle Playe<\/strong>, multidisciplinary artist and musical producer, and <strong>Alexandra R\u0103dulescu<\/strong>, multimedia artist and designer specialized in immersive and interactive experiences, work together to create the project <strong><em>KRASIS<\/em><\/strong>, a name taken from the philosophy by E. Coccia, who used this term to stand up for the idea that all living species are constantly mixing and in touch with each other. Under this conceptual umbrella, the artists have created an interactive performance where the devices and media used by each on stage are interconnected, generating a dialogue and an exploration between image and sound in real time.<\/p>\n<\/div><\/section>\n\n<style type=\"text\/css\" data-created_by=\"avia_inline_auto\" id=\"style-css-av-28wh1k6-98be72368e6b5a0e598f10cdffd7fd5f\">\n#top .hr.hr-invisible.av-28wh1k6-98be72368e6b5a0e598f10cdffd7fd5f{\nheight:20px;\n}\n<\/style>\n<div  class='hr av-28wh1k6-98be72368e6b5a0e598f10cdffd7fd5f hr-invisible  avia-builder-el-30  el_after_av_textblock  el_before_av_video '><span class='hr-inner '><span class=\"hr-inner-style\"><\/span><\/span><\/div>\n<div  class='avia-video av-ldsymcsi-4eb4f24558aaa7970644fba205a13933 avia-video-16-9 av-no-preview-image avia-video-load-always av-lazyload-immediate av-lazyload-video-embed'  itemprop=\"video\" itemtype=\"https:\/\/schema.org\/VideoObject\"  data-original_url='https:\/\/vimeo.com\/538868402'><script type='text\/html' class='av-video-tmpl'><div class='avia-iframe-wrap'><iframe loading=\"lazy\" title=\"KRASIS\" src=\"https:\/\/player.vimeo.com\/video\/538868402?h=17c88b6fe5&amp;dnt=1&amp;app_id=122963&autoplay=0&loop=0&controls=1&muted=0\" width=\"1500\" height=\"844\" frameborder=\"0\" allow=\"autoplay; fullscreen; picture-in-picture\" allowfullscreen><\/iframe><\/div><\/script><div class='av-click-to-play-overlay'><div class=\"avia_playpause_icon\"><\/div><\/div><\/div>\n\n<style type=\"text\/css\" data-created_by=\"avia_inline_auto\" id=\"style-css-av-1hsjaqu-32480f449a42451fd1332d99f51c2af5\">\n#top .hr.hr-invisible.av-1hsjaqu-32480f449a42451fd1332d99f51c2af5{\nheight:20px;\n}\n<\/style>\n<div  class='hr av-1hsjaqu-32480f449a42451fd1332d99f51c2af5 hr-invisible  avia-builder-el-32  el_after_av_video  el_before_av_textblock '><span class='hr-inner '><span class=\"hr-inner-style\"><\/span><\/span><\/div>\n<section  class='av_textblock_section av-ldsynqpd-bc76b97e5d6758c682c2cca616395e67'  itemscope=\"itemscope\" itemtype=\"https:\/\/schema.org\/BlogPosting\" itemprop=\"blogPost\" ><div class='avia_textblock'  itemprop=\"text\" ><p>The night will be completed with the world premiere of <strong><em>Videoscope<\/em><\/strong> by <strong>Franck Vigroux &#038; Antoine Schmitt<\/strong>, an audiovisual performance based in <em>Vigroux&#8217;s<\/em> latest release, <em>Magnetoscope<\/em>. This work takes us to the sound and aesthetic elements of the eighties, &#8220;a terrifying time&#8221;, according to the French musician and composer. Progressive pop, Vangelis&#8217; romantic vibes and dark, abstract, harmonically complex layers of sound, generate timeless compositions combined with machine-funk&#8217;s melodic euphoria and now with the visual work of multi-awarded artist Antoine Schmitt, with who he takes us on an infinite ride in space and time on the autobahns of a world in deep transformations.<\/p>\n<\/div><\/section>\n\n<style type=\"text\/css\" data-created_by=\"avia_inline_auto\" id=\"style-css-av-ldsyo2dl-4e8f8375d22a1a5c2b1e37ef3df10b60\">\n#top .hr.hr-invisible.av-ldsyo2dl-4e8f8375d22a1a5c2b1e37ef3df10b60{\nheight:20px;\n}\n<\/style>\n<div  class='hr av-ldsyo2dl-4e8f8375d22a1a5c2b1e37ef3df10b60 hr-invisible  avia-builder-el-34  el_after_av_textblock  el_before_av_slideshow '><span class='hr-inner '><span class=\"hr-inner-style\"><\/span><\/span><\/div>\n<div  class='avia-slideshow av-lezhqnil-1aa2981d9df636103635cf392262218b avia-slideshow-no scaling av_slideshow avia-slide-slider  avia-builder-el-35  el_after_av_hr  el_before_av_hr  img-noticia-full av-slideshow-ui av-control-default av-slideshow-manual av-loop-once av-loop-manual-endless av-default-height-applied avia-slideshow-2' data-slideshow-options=\"{&quot;animation&quot;:&quot;slide&quot;,&quot;autoplay&quot;:false,&quot;loop_autoplay&quot;:&quot;once&quot;,&quot;interval&quot;:5,&quot;loop_manual&quot;:&quot;manual-endless&quot;,&quot;autoplay_stopper&quot;:false,&quot;noNavigation&quot;:false,&quot;bg_slider&quot;:false,&quot;keep_padding&quot;:false,&quot;hoverpause&quot;:false,&quot;show_slide_delay&quot;:0}\"  itemprop=\"image\" itemscope=\"itemscope\" itemtype=\"https:\/\/schema.org\/ImageObject\" ><ul class='avia-slideshow-inner ' style='padding-bottom: 62.5%;'><li  class='avia-slideshow-slide av-lezhqnil-1aa2981d9df636103635cf392262218b__0  av-single-slide slide-1 slide-odd'><div data-rel='slideshow-2' class='avia-slide-wrap '   ><img decoding=\"async\" class=\"wp-image-37310 avia-img-lazy-loading-not-37310\"  src=\"https:\/\/levfestival.com\/wp-content\/uploads\/2023\/03\/Videoscope_noticia.webp\" width=\"1280\" height=\"800\" title='Videoscope_noticia' alt=''  itemprop=\"thumbnailUrl\" srcset=\"https:\/\/levfestival.com\/wp-content\/uploads\/2023\/03\/Videoscope_noticia.webp 1280w, https:\/\/levfestival.com\/wp-content\/uploads\/2023\/03\/Videoscope_noticia-300x188.webp 300w, https:\/\/levfestival.com\/wp-content\/uploads\/2023\/03\/Videoscope_noticia-1030x644.webp 1030w, https:\/\/levfestival.com\/wp-content\/uploads\/2023\/03\/Videoscope_noticia-768x480.webp 768w, https:\/\/levfestival.com\/wp-content\/uploads\/2023\/03\/Videoscope_noticia-705x441.webp 705w\" sizes=\"(max-width: 1280px) 100vw, 1280px\" \/><\/div><\/li><\/ul><\/div>\n\n<style type=\"text\/css\" data-created_by=\"avia_inline_auto\" id=\"style-css-av-lezi06of-65fd033879576ba1c55cc6d1898b952c\">\n#top .hr.hr-invisible.av-lezi06of-65fd033879576ba1c55cc6d1898b952c{\nheight:20px;\n}\n<\/style>\n<div  class='hr av-lezi06of-65fd033879576ba1c55cc6d1898b952c hr-invisible  avia-builder-el-36  el_after_av_slideshow  el_before_av_textblock '><span class='hr-inner '><span class=\"hr-inner-style\"><\/span><\/span><\/div>\n<section  class='av_textblock_section av-lezfygo7-378385319d2af578a252277e6d444d2e'  itemscope=\"itemscope\" itemtype=\"https:\/\/schema.org\/BlogPosting\" itemprop=\"blogPost\" ><div class='avia_textblock'  itemprop=\"text\" ><p><strong>Saturday April 29 at Teatro de la Laboral<\/strong> will kick off with the performance <strong><em>Twittering Machine<\/em><\/strong> by audiovisual artist <strong>Kathy Hinde<\/strong>, who translates John Keats&#8217; poem <em>Ode to a Nightingale<\/em> into Morse code and reinterprets it sonically, including bird songs recorded with different effects, intertwined to create a hypnotic chorus of real and artificial birds. Her goal is to warn us and to invite us to think about the effects of technology in nature.<\/p>\n<\/div><\/section>\n\n<style type=\"text\/css\" data-created_by=\"avia_inline_auto\" id=\"style-css-av-d14grm4-20f3cd6cf54db26ef3b68fd8aafcdc0f\">\n#top .hr.hr-invisible.av-d14grm4-20f3cd6cf54db26ef3b68fd8aafcdc0f{\nheight:20px;\n}\n<\/style>\n<div  class='hr av-d14grm4-20f3cd6cf54db26ef3b68fd8aafcdc0f hr-invisible  avia-builder-el-38  el_after_av_textblock  el_before_av_video '><span class='hr-inner '><span class=\"hr-inner-style\"><\/span><\/span><\/div>\n<div  class='avia-video av-lezfyz73-96ca6d7576330c26d66e3c4c8d17d987 avia-video-16-9 av-no-preview-image avia-video-load-always av-lazyload-immediate av-lazyload-video-embed'  itemprop=\"video\" itemtype=\"https:\/\/schema.org\/VideoObject\"  data-original_url='https:\/\/vimeo.com\/518250341'><script type='text\/html' class='av-video-tmpl'><div class='avia-iframe-wrap'><iframe loading=\"lazy\" title=\"Twittering Machines Live by Kathy Hinde (extracts)\" src=\"https:\/\/player.vimeo.com\/video\/518250341?h=7625933995&amp;dnt=1&amp;app_id=122963&autoplay=0&loop=0&controls=1&muted=0\" width=\"1500\" height=\"844\" frameborder=\"0\" allow=\"autoplay; fullscreen; picture-in-picture\" allowfullscreen><\/iframe><\/div><\/script><div class='av-click-to-play-overlay'><div class=\"avia_playpause_icon\"><\/div><\/div><\/div>\n\n<style type=\"text\/css\" data-created_by=\"avia_inline_auto\" id=\"style-css-av-cnfhuq4-5d42e090944b9ebd235719ba6699670a\">\n#top .hr.hr-invisible.av-cnfhuq4-5d42e090944b9ebd235719ba6699670a{\nheight:20px;\n}\n<\/style>\n<div  class='hr av-cnfhuq4-5d42e090944b9ebd235719ba6699670a hr-invisible  avia-builder-el-40  el_after_av_video  el_before_av_textblock '><span class='hr-inner '><span class=\"hr-inner-style\"><\/span><\/span><\/div>\n<section  class='av_textblock_section av-lezg0aj5-9099a71e8865adafc66445b2690e390a'  itemscope=\"itemscope\" itemtype=\"https:\/\/schema.org\/BlogPosting\" itemprop=\"blogPost\" ><div class='avia_textblock'  itemprop=\"text\" ><p>Also at Teatro de la Laboral, on Saturday 29, <strong>H\u00e9l\u00e8ne Vogelsinger<\/strong> will showcase her modular synthesizer project <em>Metaphysical Alteration<\/em>, where she explores different spaces to connect with their energies, creating unique, poetic moments. The signature sound of this French composer, producer and sound designer is a blend of minimalist, repetitive music, lyrical vocals and deep, elevated layers.<\/p>\n<p>The following act will be <strong>Claraguilar<\/strong>, multi-instrumentalist musician combining different fields such as theatre, dance and cinema, ambient and chamber pop arrangements and electronic and techno music. She will showcase <strong><em>Mystery Is All<\/em><\/strong>, her debut album, full of melancholic melodies, orchestral samples and countless synthesizers, to create multiple melodies. Her live show incorporates new songs and the collaboration of Osicla Estudio in the lights department.<\/p>\n<\/div><\/section>\n\n<style type=\"text\/css\" data-created_by=\"avia_inline_auto\" id=\"style-css-av-lezi33wa-52c30b6b2335fe248b66a5cd71162999\">\n#top .hr.hr-invisible.av-lezi33wa-52c30b6b2335fe248b66a5cd71162999{\nheight:20px;\n}\n<\/style>\n<div  class='hr av-lezi33wa-52c30b6b2335fe248b66a5cd71162999 hr-invisible  avia-builder-el-42  el_after_av_textblock  el_before_av_one_half '><span class='hr-inner '><span class=\"hr-inner-style\"><\/span><\/span><\/div>\n\n<style type=\"text\/css\" data-created_by=\"avia_inline_auto\" id=\"style-css-av-lezi2l5d-e9e19a09759cb439bf0e2373473a73d0\">\n.flex_column.av-lezi2l5d-e9e19a09759cb439bf0e2373473a73d0{\nwidth:49.5%;\n}\n<\/style>\n<div class='flex_column av-lezi2l5d-e9e19a09759cb439bf0e2373473a73d0 av_one_half  avia-builder-el-43  el_after_av_hr  el_before_av_one_half  first flex_column_div '     ><style type=\"text\/css\" data-created_by=\"avia_inline_auto\" id=\"style-css-av-lezg3rsg-8af591e8f371db6aa8793cc18596c7b1\">\n.avia-image-container.av-lezg3rsg-8af591e8f371db6aa8793cc18596c7b1 img.avia_image{\nbox-shadow:none;\n}\n.avia-image-container.av-lezg3rsg-8af591e8f371db6aa8793cc18596c7b1 .av-image-caption-overlay-center{\ncolor:#ffffff;\n}\n<\/style>\n<div  class='avia-image-container av-lezg3rsg-8af591e8f371db6aa8793cc18596c7b1 av-styling- avia-align-center  avia-builder-el-44  avia-builder-el-no-sibling '   itemprop=\"image\" itemscope=\"itemscope\" itemtype=\"https:\/\/schema.org\/ImageObject\" ><div class=\"avia-image-container-inner\"><div class=\"avia-image-overlay-wrap\"><img decoding=\"async\" class='wp-image-37313 avia-img-lazy-loading-not-37313 avia_image ' src=\"https:\/\/levfestival.com\/wp-content\/uploads\/2023\/03\/HeleneVogelsinger_Communion.webp\" alt='' title='H\u00e9l\u00e8neVogelsinger_Communion'  height=\"800\" width=\"1200\"  itemprop=\"thumbnailUrl\" srcset=\"https:\/\/levfestival.com\/wp-content\/uploads\/2023\/03\/HeleneVogelsinger_Communion.webp 1200w, https:\/\/levfestival.com\/wp-content\/uploads\/2023\/03\/HeleneVogelsinger_Communion-300x200.webp 300w, https:\/\/levfestival.com\/wp-content\/uploads\/2023\/03\/HeleneVogelsinger_Communion-1030x687.webp 1030w, https:\/\/levfestival.com\/wp-content\/uploads\/2023\/03\/HeleneVogelsinger_Communion-768x512.webp 768w, https:\/\/levfestival.com\/wp-content\/uploads\/2023\/03\/HeleneVogelsinger_Communion-705x470.webp 705w\" sizes=\"(max-width: 1200px) 100vw, 1200px\" \/><\/div><\/div><\/div><\/div>\n<style type=\"text\/css\" data-created_by=\"avia_inline_auto\" id=\"style-css-av-17exswc-7a00374cd979b58fb2d333e43a8dd0ff\">\n.flex_column.av-17exswc-7a00374cd979b58fb2d333e43a8dd0ff{\nwidth:49.5%;\nmargin-left:1%;\n}\n<\/style>\n<div class='flex_column av-17exswc-7a00374cd979b58fb2d333e43a8dd0ff av_one_half  avia-builder-el-45  el_after_av_one_half  el_before_av_hr  flex_column_div '     ><style type=\"text\/css\" data-created_by=\"avia_inline_auto\" id=\"style-css-av-lezg7dum-881ef77a6d3c21c04c3da91ade439a3c\">\n.avia-image-container.av-lezg7dum-881ef77a6d3c21c04c3da91ade439a3c img.avia_image{\nbox-shadow:none;\n}\n.avia-image-container.av-lezg7dum-881ef77a6d3c21c04c3da91ade439a3c .av-image-caption-overlay-center{\ncolor:#ffffff;\n}\n<\/style>\n<div  class='avia-image-container av-lezg7dum-881ef77a6d3c21c04c3da91ade439a3c av-styling- avia-align-center  avia-builder-el-46  avia-builder-el-no-sibling '   itemprop=\"image\" itemscope=\"itemscope\" itemtype=\"https:\/\/schema.org\/ImageObject\" ><div class=\"avia-image-container-inner\"><div class=\"avia-image-overlay-wrap\"><img decoding=\"async\" class='wp-image-37315 avia-img-lazy-loading-not-37315 avia_image ' src=\"https:\/\/levfestival.com\/wp-content\/uploads\/2023\/03\/CLARAGUILAR-\u00a9-Pax-Buyate_noticia.webp\" alt='' title='CLARAGUILAR \u00a9 Pax Buyate_noticia'  height=\"1400\" width=\"2100\"  itemprop=\"thumbnailUrl\" srcset=\"https:\/\/levfestival.com\/wp-content\/uploads\/2023\/03\/CLARAGUILAR-\u00a9-Pax-Buyate_noticia.webp 2100w, https:\/\/levfestival.com\/wp-content\/uploads\/2023\/03\/CLARAGUILAR-\u00a9-Pax-Buyate_noticia-300x200.webp 300w, https:\/\/levfestival.com\/wp-content\/uploads\/2023\/03\/CLARAGUILAR-\u00a9-Pax-Buyate_noticia-1030x687.webp 1030w, https:\/\/levfestival.com\/wp-content\/uploads\/2023\/03\/CLARAGUILAR-\u00a9-Pax-Buyate_noticia-768x512.webp 768w, https:\/\/levfestival.com\/wp-content\/uploads\/2023\/03\/CLARAGUILAR-\u00a9-Pax-Buyate_noticia-1536x1024.webp 1536w, https:\/\/levfestival.com\/wp-content\/uploads\/2023\/03\/CLARAGUILAR-\u00a9-Pax-Buyate_noticia-2048x1365.webp 2048w, https:\/\/levfestival.com\/wp-content\/uploads\/2023\/03\/CLARAGUILAR-\u00a9-Pax-Buyate_noticia-1500x1000.webp 1500w, https:\/\/levfestival.com\/wp-content\/uploads\/2023\/03\/CLARAGUILAR-\u00a9-Pax-Buyate_noticia-705x470.webp 705w\" sizes=\"(max-width: 2100px) 100vw, 2100px\" \/><\/div><\/div><\/div><\/div>\n<style type=\"text\/css\" data-created_by=\"avia_inline_auto\" id=\"style-css-av-lezi39s5-e48221389ef763293165e67ea7350305\">\n#top .hr.hr-invisible.av-lezi39s5-e48221389ef763293165e67ea7350305{\nheight:50px;\n}\n<\/style>\n<div  class='hr av-lezi39s5-e48221389ef763293165e67ea7350305 hr-invisible  avia-builder-el-47  el_after_av_one_half  el_before_av_textblock '><span class='hr-inner '><span class=\"hr-inner-style\"><\/span><\/span><\/div>\n<section  class='av_textblock_section av-lezg8usj-1ac5408cd73076f439c15b0727a4ac33'  itemscope=\"itemscope\" itemtype=\"https:\/\/schema.org\/BlogPosting\" itemprop=\"blogPost\" ><div class='avia_textblock'  itemprop=\"text\" ><h1>Nave de LABoral Centro de Arte: Throwing Snow, Zo\u00eb McPherson &#038; Alessandra Leone, Ninos du Brasil, Kai Whiston and Enxin\/Onyx<\/h1>\n<\/div><\/section>\n\n<style type=\"text\/css\" data-created_by=\"avia_inline_auto\" id=\"style-css-av-lezi3er6-b4bc2d70b63cc8a29d9025f8d31f5387\">\n#top .hr.hr-invisible.av-lezi3er6-b4bc2d70b63cc8a29d9025f8d31f5387{\nheight:20px;\n}\n<\/style>\n<div  class='hr av-lezi3er6-b4bc2d70b63cc8a29d9025f8d31f5387 hr-invisible  avia-builder-el-49  el_after_av_textblock  el_before_av_textblock '><span class='hr-inner '><span class=\"hr-inner-style\"><\/span><\/span><\/div>\n<section  class='av_textblock_section av-lezgaj8k-ca1fa52c498f82096bbb96691d172927'  itemscope=\"itemscope\" itemtype=\"https:\/\/schema.org\/BlogPosting\" itemprop=\"blogPost\" ><div class='avia_textblock'  itemprop=\"text\" ><p>Night activities on <strong>Saturday 29 at Nave de LABoral Centro de Arte<\/strong> will start with a live show by two-piece <strong>Enxin\/Onyx<\/strong>, formed by Tot Onyx (Tommi Tokyo, previously in Group A) and Hiro Kone (Nicky Mao). Unsettling and constantly changing, halfway between discordance and harmony, this new collaboration and their first EP <em>Dorothy<\/em> contain a constant interaction between elements of each artist&#8217;s individual practices, generating a sonic experience which knows no bounds.<\/p>\n<\/div><\/section>\n\n<style type=\"text\/css\" data-created_by=\"avia_inline_auto\" id=\"style-css-av-bp7hkmk-8cb4ba13003687c24059e4fd9485fccd\">\n#top .hr.hr-invisible.av-bp7hkmk-8cb4ba13003687c24059e4fd9485fccd{\nheight:20px;\n}\n<\/style>\n<div  class='hr av-bp7hkmk-8cb4ba13003687c24059e4fd9485fccd hr-invisible  avia-builder-el-51  el_after_av_textblock  el_before_av_slideshow '><span class='hr-inner '><span class=\"hr-inner-style\"><\/span><\/span><\/div>\n<div  class='avia-slideshow av-lezi6qlw-f98617523aba863c7fcefad95f197784 avia-slideshow-no scaling av_slideshow avia-slide-slider  avia-builder-el-52  el_after_av_hr  el_before_av_hr  img-noticia-full av-slideshow-ui av-control-default av-slideshow-manual av-loop-once av-loop-manual-endless av-default-height-applied avia-slideshow-3' data-slideshow-options=\"{&quot;animation&quot;:&quot;slide&quot;,&quot;autoplay&quot;:false,&quot;loop_autoplay&quot;:&quot;once&quot;,&quot;interval&quot;:5,&quot;loop_manual&quot;:&quot;manual-endless&quot;,&quot;autoplay_stopper&quot;:false,&quot;noNavigation&quot;:false,&quot;bg_slider&quot;:false,&quot;keep_padding&quot;:false,&quot;hoverpause&quot;:false,&quot;show_slide_delay&quot;:0}\"  itemprop=\"image\" itemscope=\"itemscope\" itemtype=\"https:\/\/schema.org\/ImageObject\" ><ul class='avia-slideshow-inner ' style='padding-bottom: 66.7%;'><li  class='avia-slideshow-slide av-lezi6qlw-f98617523aba863c7fcefad95f197784__0  av-single-slide slide-1 slide-odd'><div data-rel='slideshow-3' class='avia-slide-wrap '   ><img decoding=\"async\" class=\"wp-image-37334 avia-img-lazy-loading-not-37334\"  src=\"https:\/\/levfestival.com\/wp-content\/uploads\/2023\/03\/EnxinOnyx-by-KirilBikov_noticia.webp\" width=\"1000\" height=\"667\" title='EnxinOnyx-by-KirilBikov_noticia' alt=''  itemprop=\"thumbnailUrl\" srcset=\"https:\/\/levfestival.com\/wp-content\/uploads\/2023\/03\/EnxinOnyx-by-KirilBikov_noticia.webp 1000w, https:\/\/levfestival.com\/wp-content\/uploads\/2023\/03\/EnxinOnyx-by-KirilBikov_noticia-300x200.webp 300w, https:\/\/levfestival.com\/wp-content\/uploads\/2023\/03\/EnxinOnyx-by-KirilBikov_noticia-768x512.webp 768w, https:\/\/levfestival.com\/wp-content\/uploads\/2023\/03\/EnxinOnyx-by-KirilBikov_noticia-705x470.webp 705w\" sizes=\"(max-width: 1000px) 100vw, 1000px\" \/><\/div><\/li><\/ul><\/div>\n\n<style type=\"text\/css\" data-created_by=\"avia_inline_auto\" id=\"style-css-av-b3cvo6k-02320833630f49482e5a3ee53e858bbf\">\n#top .hr.hr-invisible.av-b3cvo6k-02320833630f49482e5a3ee53e858bbf{\nheight:20px;\n}\n<\/style>\n<div  class='hr av-b3cvo6k-02320833630f49482e5a3ee53e858bbf hr-invisible  avia-builder-el-53  el_after_av_slideshow  el_before_av_textblock '><span class='hr-inner '><span class=\"hr-inner-style\"><\/span><\/span><\/div>\n<section  class='av_textblock_section av-lezi8an8-e339b883320a08d4e8d257b837030aab'  itemscope=\"itemscope\" itemtype=\"https:\/\/schema.org\/BlogPosting\" itemprop=\"blogPost\" ><div class='avia_textblock'  itemprop=\"text\" ><p>The night will go on with <strong>Kai Whiston<\/strong>, whose long awaited latest album, <em>Quiet As Kept<\/em><i>, <\/i><em>F.O.G.<\/em> was released last September. Kai was born in the heart of late nineties dance music. Her parents were young ravers from the New Age Travellers community. Her new work is an overwhelmingly ambitious and ravishingly beautiful symphony, where the artist explores these memories in a realistic way, and how this community made an impact on her life, part celebration, part critique, mixing reality and fantasy.<\/p>\n<\/div><\/section>\n\n<style type=\"text\/css\" data-created_by=\"avia_inline_auto\" id=\"style-css-av-ayuthbg-946b547ec00aef4221466534b41fe24c\">\n#top .hr.hr-invisible.av-ayuthbg-946b547ec00aef4221466534b41fe24c{\nheight:20px;\n}\n<\/style>\n<div  class='hr av-ayuthbg-946b547ec00aef4221466534b41fe24c hr-invisible  avia-builder-el-55  el_after_av_textblock  el_before_av_video '><span class='hr-inner '><span class=\"hr-inner-style\"><\/span><\/span><\/div>\n<div  class='avia-video av-lezi924j-d66b43c9446801212416887a4f20de25 avia-video-16-9 av-no-preview-image avia-video-load-always av-lazyload-immediate av-lazyload-video-embed'  itemprop=\"video\" itemtype=\"https:\/\/schema.org\/VideoObject\"  data-original_url='https:\/\/youtu.be\/rDQ8cX3jlbY'><script type='text\/html' class='av-video-tmpl'><div class='avia-iframe-wrap'><iframe loading=\"lazy\" title=\"Kai Whiston - &#039;T.F.J.&#039; (Official Video)\" width=\"1500\" height=\"844\" src=\"https:\/\/www.youtube.com\/embed\/rDQ8cX3jlbY?feature=oembed&autoplay=0&loop=0&controls=1&mute=0\" frameborder=\"0\" allow=\"accelerometer; autoplay; clipboard-write; encrypted-media; gyroscope; picture-in-picture; web-share\" allowfullscreen><\/iframe><\/div><\/script><div class='av-click-to-play-overlay'><div class=\"avia_playpause_icon\"><\/div><\/div><\/div>\n\n<style type=\"text\/css\" data-created_by=\"avia_inline_auto\" id=\"style-css-av-a78hfws-723204d6359cf7b879e0d182a149d62a\">\n#top .hr.hr-invisible.av-a78hfws-723204d6359cf7b879e0d182a149d62a{\nheight:20px;\n}\n<\/style>\n<div  class='hr av-a78hfws-723204d6359cf7b879e0d182a149d62a hr-invisible  avia-builder-el-57  el_after_av_video  el_before_av_textblock '><span class='hr-inner '><span class=\"hr-inner-style\"><\/span><\/span><\/div>\n<section  class='av_textblock_section av-leziahdi-c6cfb8bba646766d9c43e41d897e3f9a'  itemscope=\"itemscope\" itemtype=\"https:\/\/schema.org\/BlogPosting\" itemprop=\"blogPost\" ><div class='avia_textblock'  itemprop=\"text\" ><p>Acclaimed producer <strong>Throwing Snow<\/strong>, aka Ross Tones, will showcase his fourth album <em><strong>Dragons AV<\/strong><\/em>, a work halfway between science and ancient wisdom, between prehistoric rites and the complexities of the contemporary world. The ten tracks in this album combine solid electronic beats with the physicality of countless acoustic instruments, accompanied by a neural network of visual elements created with the artist and technologist Matt Woodham.<\/p>\n<\/div><\/section>\n\n<style type=\"text\/css\" data-created_by=\"avia_inline_auto\" id=\"style-css-av-9rusbbg-9970ddbcf477bdc23b9d7ab9db6104ac\">\n#top .hr.hr-invisible.av-9rusbbg-9970ddbcf477bdc23b9d7ab9db6104ac{\nheight:20px;\n}\n<\/style>\n<div  class='hr av-9rusbbg-9970ddbcf477bdc23b9d7ab9db6104ac hr-invisible  avia-builder-el-59  el_after_av_textblock  el_before_av_one_half '><span class='hr-inner '><span class=\"hr-inner-style\"><\/span><\/span><\/div>\n\n<style type=\"text\/css\" data-created_by=\"avia_inline_auto\" id=\"style-css-av-lezifgsq-5a39460e4e27305807cef2c6d50c99f6\">\n#top .flex_column.av-lezifgsq-5a39460e4e27305807cef2c6d50c99f6{\nmargin-top:0px;\nmargin-bottom:0px;\n}\n.flex_column.av-lezifgsq-5a39460e4e27305807cef2c6d50c99f6{\nwidth:49.5%;\n}\n.responsive #top #wrap_all .flex_column.av-lezifgsq-5a39460e4e27305807cef2c6d50c99f6{\nmargin-top:0px;\nmargin-bottom:0px;\n}\n<\/style>\n<div class='flex_column av-lezifgsq-5a39460e4e27305807cef2c6d50c99f6 av_one_half  avia-builder-el-60  el_after_av_hr  el_before_av_one_half  first flex_column_div '     ><style type=\"text\/css\" data-created_by=\"avia_inline_auto\" id=\"style-css-av-lezien6o-7f28f75bbd73d4e2493d3db84c4dc301\">\n.avia-image-container.av-lezien6o-7f28f75bbd73d4e2493d3db84c4dc301 img.avia_image{\nbox-shadow:none;\n}\n.avia-image-container.av-lezien6o-7f28f75bbd73d4e2493d3db84c4dc301 .av-image-caption-overlay-center{\ncolor:#ffffff;\n}\n<\/style>\n<div  class='avia-image-container av-lezien6o-7f28f75bbd73d4e2493d3db84c4dc301 av-styling- avia-align-center  avia-builder-el-61  avia-builder-el-no-sibling '   itemprop=\"image\" itemscope=\"itemscope\" itemtype=\"https:\/\/schema.org\/ImageObject\" ><div class=\"avia-image-container-inner\"><div class=\"avia-image-overlay-wrap\"><img decoding=\"async\" class='wp-image-37337 avia-img-lazy-loading-not-37337 avia_image ' src=\"https:\/\/levfestival.com\/wp-content\/uploads\/2023\/03\/HTH134_2.webp\" alt='' title='HTH134_2'  height=\"1333\" width=\"1333\"  itemprop=\"thumbnailUrl\" srcset=\"https:\/\/levfestival.com\/wp-content\/uploads\/2023\/03\/HTH134_2.webp 1333w, https:\/\/levfestival.com\/wp-content\/uploads\/2023\/03\/HTH134_2-300x300.webp 300w, https:\/\/levfestival.com\/wp-content\/uploads\/2023\/03\/HTH134_2-1030x1030.webp 1030w, https:\/\/levfestival.com\/wp-content\/uploads\/2023\/03\/HTH134_2-80x80.webp 80w, https:\/\/levfestival.com\/wp-content\/uploads\/2023\/03\/HTH134_2-768x768.webp 768w, https:\/\/levfestival.com\/wp-content\/uploads\/2023\/03\/HTH134_2-36x36.webp 36w, https:\/\/levfestival.com\/wp-content\/uploads\/2023\/03\/HTH134_2-180x180.webp 180w, https:\/\/levfestival.com\/wp-content\/uploads\/2023\/03\/HTH134_2-705x705.webp 705w\" sizes=\"(max-width: 1333px) 100vw, 1333px\" \/><\/div><\/div><\/div><\/div>\n<style type=\"text\/css\" data-created_by=\"avia_inline_auto\" id=\"style-css-av-9incauk-68649ef632c659be0ab71740a19e0723\">\n#top .flex_column.av-9incauk-68649ef632c659be0ab71740a19e0723{\nmargin-top:0px;\nmargin-bottom:0px;\n}\n.flex_column.av-9incauk-68649ef632c659be0ab71740a19e0723{\nwidth:49.5%;\nmargin-left:1%;\n}\n.responsive #top #wrap_all .flex_column.av-9incauk-68649ef632c659be0ab71740a19e0723{\nmargin-top:0px;\nmargin-bottom:0px;\n}\n<\/style>\n<div class='flex_column av-9incauk-68649ef632c659be0ab71740a19e0723 av_one_half  avia-builder-el-62  el_after_av_one_half  el_before_av_hr  flex_column_div '     ><style type=\"text\/css\" data-created_by=\"avia_inline_auto\" id=\"style-css-av-lezif5dk-96ce26fbee711f8f3e46700493bdfe38\">\n.avia-image-container.av-lezif5dk-96ce26fbee711f8f3e46700493bdfe38 img.avia_image{\nbox-shadow:none;\n}\n.avia-image-container.av-lezif5dk-96ce26fbee711f8f3e46700493bdfe38 .av-image-caption-overlay-center{\ncolor:#ffffff;\n}\n<\/style>\n<div  class='avia-image-container av-lezif5dk-96ce26fbee711f8f3e46700493bdfe38 av-styling- avia-align-center  avia-builder-el-63  avia-builder-el-no-sibling '   itemprop=\"image\" itemscope=\"itemscope\" itemtype=\"https:\/\/schema.org\/ImageObject\" ><div class=\"avia-image-container-inner\"><div class=\"avia-image-overlay-wrap\"><img decoding=\"async\" class='wp-image-37339 avia-img-lazy-loading-not-37339 avia_image ' src=\"https:\/\/levfestival.com\/wp-content\/uploads\/2023\/03\/HTH134_1.webp\" alt='' title='HTH134_1'  height=\"1333\" width=\"1333\"  itemprop=\"thumbnailUrl\" srcset=\"https:\/\/levfestival.com\/wp-content\/uploads\/2023\/03\/HTH134_1.webp 1333w, https:\/\/levfestival.com\/wp-content\/uploads\/2023\/03\/HTH134_1-300x300.webp 300w, https:\/\/levfestival.com\/wp-content\/uploads\/2023\/03\/HTH134_1-1030x1030.webp 1030w, https:\/\/levfestival.com\/wp-content\/uploads\/2023\/03\/HTH134_1-80x80.webp 80w, https:\/\/levfestival.com\/wp-content\/uploads\/2023\/03\/HTH134_1-768x768.webp 768w, https:\/\/levfestival.com\/wp-content\/uploads\/2023\/03\/HTH134_1-36x36.webp 36w, https:\/\/levfestival.com\/wp-content\/uploads\/2023\/03\/HTH134_1-180x180.webp 180w, https:\/\/levfestival.com\/wp-content\/uploads\/2023\/03\/HTH134_1-705x705.webp 705w\" sizes=\"(max-width: 1333px) 100vw, 1333px\" \/><\/div><\/div><\/div><\/div>\n<style type=\"text\/css\" data-created_by=\"avia_inline_auto\" id=\"style-css-av-8v92dcc-260d5b96579aca71465e9d1e33fd974e\">\n#top .hr.hr-invisible.av-8v92dcc-260d5b96579aca71465e9d1e33fd974e{\nheight:20px;\n}\n<\/style>\n<div  class='hr av-8v92dcc-260d5b96579aca71465e9d1e33fd974e hr-invisible  avia-builder-el-64  el_after_av_one_half  el_before_av_textblock '><span class='hr-inner '><span class=\"hr-inner-style\"><\/span><\/span><\/div>\n<section  class='av_textblock_section av-ldsyoffk-5096ac2be18e2fb244f7e831414b3f34'  itemscope=\"itemscope\" itemtype=\"https:\/\/schema.org\/BlogPosting\" itemprop=\"blogPost\" ><div class='avia_textblock'  itemprop=\"text\" ><p>After playing in 2021&#8217;s L.E.V. Madrid, <strong>Zo\u00eb Mc Pherson and Alessandra Leone<\/strong> come to Gij\u00f3n with <em><strong>Pitch Blender live AV<\/strong><\/em>, a new audiovisual show around Zo\u00eb&#8217;s recently released eponymous album. A strong setlist full of cybernetic experiments for the dancefloor, like a rave in an art space, released through her own SFX label, also co-directed with Alessandra Leone.<\/p>\n<\/div><\/section>\n\n<style type=\"text\/css\" data-created_by=\"avia_inline_auto\" id=\"style-css-av-8gw1jm4-4e3ff9668f0ebeedeefedce6cc33ce8f\">\n#top .hr.hr-invisible.av-8gw1jm4-4e3ff9668f0ebeedeefedce6cc33ce8f{\nheight:20px;\n}\n<\/style>\n<div  class='hr av-8gw1jm4-4e3ff9668f0ebeedeefedce6cc33ce8f hr-invisible  avia-builder-el-66  el_after_av_textblock  el_before_av_video '><span class='hr-inner '><span class=\"hr-inner-style\"><\/span><\/span><\/div>\n<div  class='avia-video av-lezii340-67223a5154bd1275eb3c7413498c875a avia-video-16-9 av-no-preview-image avia-video-load-always av-lazyload-immediate av-lazyload-video-embed'  itemprop=\"video\" itemtype=\"https:\/\/schema.org\/VideoObject\"  data-original_url='https:\/\/vimeo.com\/775761761'><script type='text\/html' class='av-video-tmpl'><div class='avia-iframe-wrap'><iframe loading=\"lazy\" title=\"On Fire - Zo&amp;euml; Mc Pherson\" src=\"https:\/\/player.vimeo.com\/video\/775761761?h=489ece5bb0&amp;dnt=1&amp;app_id=122963&autoplay=0&loop=0&controls=1&muted=0\" width=\"1500\" height=\"844\" frameborder=\"0\" allow=\"autoplay; fullscreen; picture-in-picture\" allowfullscreen><\/iframe><\/div><\/script><div class='av-click-to-play-overlay'><div class=\"avia_playpause_icon\"><\/div><\/div><\/div>\n\n<style type=\"text\/css\" data-created_by=\"avia_inline_auto\" id=\"style-css-av-81orwcs-3cb4aadcdbecb9b859e98bf0cbe9e951\">\n#top .hr.hr-invisible.av-81orwcs-3cb4aadcdbecb9b859e98bf0cbe9e951{\nheight:20px;\n}\n<\/style>\n<div  class='hr av-81orwcs-3cb4aadcdbecb9b859e98bf0cbe9e951 hr-invisible  avia-builder-el-68  el_after_av_video  el_before_av_textblock '><span class='hr-inner '><span class=\"hr-inner-style\"><\/span><\/span><\/div>\n<section  class='av_textblock_section av-lezij2xf-ff95fbbe31bd3c44972e1d67a91d9ab9'  itemscope=\"itemscope\" itemtype=\"https:\/\/schema.org\/BlogPosting\" itemprop=\"blogPost\" ><div class='avia_textblock'  itemprop=\"text\" ><p>The night will be closed by the legendary Italian project <strong>Ninos du Brasil<\/strong>, playing a daring and unlikely blend of noise, batucada, samba and electronica. Anyone who has attended one of their live shows, either in a Belgian punk squat or at the famous Venice Biennale of Architecture, says it is an otherworldly experience. A condensed yet intense set which brings together techno, old-school hardcore, the spirit of stadium chants and carnival parades.<\/p>\n<\/div><\/section>\n\n<style type=\"text\/css\" data-created_by=\"avia_inline_auto\" id=\"style-css-av-7hi6hos-b208b62e75ab62e2cdd490e23e69042b\">\n#top .hr.hr-invisible.av-7hi6hos-b208b62e75ab62e2cdd490e23e69042b{\nheight:20px;\n}\n<\/style>\n<div  class='hr av-7hi6hos-b208b62e75ab62e2cdd490e23e69042b hr-invisible  avia-builder-el-70  el_after_av_textblock  el_before_av_video '><span class='hr-inner '><span class=\"hr-inner-style\"><\/span><\/span><\/div>\n<div  class='avia-video av-lezijlto-3b4401ae7ff4da1fcaa4a9ecf6254063 avia-video-16-9 av-no-preview-image avia-video-load-always av-lazyload-immediate av-lazyload-video-embed'  itemprop=\"video\" itemtype=\"https:\/\/schema.org\/VideoObject\"  data-original_url='https:\/\/youtu.be\/kkOO4i4VxTM'><script type='text\/html' class='av-video-tmpl'><div class='avia-iframe-wrap'><iframe loading=\"lazy\" title=\"Ninos Du Brasil  - Tuppelo [OFFICIAL VIDEO]\" width=\"1500\" height=\"844\" src=\"https:\/\/www.youtube.com\/embed\/kkOO4i4VxTM?feature=oembed&autoplay=0&loop=0&controls=1&mute=0\" frameborder=\"0\" allow=\"accelerometer; autoplay; clipboard-write; encrypted-media; gyroscope; picture-in-picture; web-share\" allowfullscreen><\/iframe><\/div><\/script><div class='av-click-to-play-overlay'><div class=\"avia_playpause_icon\"><\/div><\/div><\/div>\n\n<style type=\"text\/css\" data-created_by=\"avia_inline_auto\" id=\"style-css-av-lezikwxh-0b5c06ae66a308ee2b2b6b7d14293cb9\">\n#top .hr.hr-invisible.av-lezikwxh-0b5c06ae66a308ee2b2b6b7d14293cb9{\nheight:50px;\n}\n<\/style>\n<div  class='hr av-lezikwxh-0b5c06ae66a308ee2b2b6b7d14293cb9 hr-invisible  avia-builder-el-72  el_after_av_video  el_before_av_textblock '><span class='hr-inner '><span class=\"hr-inner-style\"><\/span><\/span><\/div>\n<section  class='av_textblock_section av-lezimpu1-344c463ba0107acd04c4aaf8b0663d59'  itemscope=\"itemscope\" itemtype=\"https:\/\/schema.org\/BlogPosting\" itemprop=\"blogPost\" ><div class='avia_textblock'  itemprop=\"text\" ><h1>Mus\u00e9u del Pueblu d\u2019Asturies: Ikonika, WaqWaq Kingdom, Komatssu, James Shinra and Jailed Jamie ft. Helios Amor<\/h1>\n<\/div><\/section>\n\n<style type=\"text\/css\" data-created_by=\"avia_inline_auto\" id=\"style-css-av-78es84s-7ae55372fa92628748d203b00f490de1\">\n#top .hr.hr-invisible.av-78es84s-7ae55372fa92628748d203b00f490de1{\nheight:20px;\n}\n<\/style>\n<div  class='hr av-78es84s-7ae55372fa92628748d203b00f490de1 hr-invisible  avia-builder-el-74  el_after_av_textblock  el_before_av_textblock '><span class='hr-inner '><span class=\"hr-inner-style\"><\/span><\/span><\/div>\n<section  class='av_textblock_section av-lezim2vl-46951ea3968c65e23e898eed3030a189'  itemscope=\"itemscope\" itemtype=\"https:\/\/schema.org\/BlogPosting\" itemprop=\"blogPost\" ><div class='avia_textblock'  itemprop=\"text\" ><p>As in previous years, 2023&#8242; L.E.V. will host a series of concerts at <strong>Mus\u00e9u del Pueblu d\u2019Asturies<\/strong> on <strong>Sunday April 29<\/strong> from midday, starting with <strong>Komatssu<\/strong>, playing their third album <em><strong>No place For Poetry<\/strong><\/em>, released with Tensal Itd. An exercise in eclecticism, combining space techno and melodic landscapes, solid breaks and beautiful atmospheres, in a new and surprising work by the most personal and intimate alter ego of the iconic DJ and Asturian producer H\u00e9ctor Sandoval, a personal L.E.V. favorite since the beginning.<\/p>\n<\/div><\/section>\n\n<style type=\"text\/css\" data-created_by=\"avia_inline_auto\" id=\"style-css-av-6kvoomk-e67e85799eeeefe781eabd2fa0c9e49c\">\n#top .hr.hr-invisible.av-6kvoomk-e67e85799eeeefe781eabd2fa0c9e49c{\nheight:20px;\n}\n<\/style>\n<div  class='hr av-6kvoomk-e67e85799eeeefe781eabd2fa0c9e49c hr-invisible  avia-builder-el-76  el_after_av_textblock  el_before_av_video '><span class='hr-inner '><span class=\"hr-inner-style\"><\/span><\/span><\/div>\n<div  class='avia-video av-lezinavp-4fc7398e304c64a30a1dab1b12660f18 avia-video-16-9 av-no-preview-image avia-video-load-always av-lazyload-immediate av-lazyload-video-embed'  itemprop=\"video\" itemtype=\"https:\/\/schema.org\/VideoObject\"  data-original_url='https:\/\/youtu.be\/UiGtrmgU7ok'><script type='text\/html' class='av-video-tmpl'><div class='avia-iframe-wrap'><iframe loading=\"lazy\" title=\"Metabolica (Original Mix)\" width=\"1333\" height=\"1000\" src=\"https:\/\/www.youtube.com\/embed\/UiGtrmgU7ok?feature=oembed&autoplay=0&loop=0&controls=1&mute=0\" frameborder=\"0\" allow=\"accelerometer; autoplay; clipboard-write; encrypted-media; gyroscope; picture-in-picture; web-share\" allowfullscreen><\/iframe><\/div><\/script><div class='av-click-to-play-overlay'><div class=\"avia_playpause_icon\"><\/div><\/div><\/div>\n\n<style type=\"text\/css\" data-created_by=\"avia_inline_auto\" id=\"style-css-av-6bxtqzw-43f33a2ed425b569a1e45861a0ea850e\">\n#top .hr.hr-invisible.av-6bxtqzw-43f33a2ed425b569a1e45861a0ea850e{\nheight:20px;\n}\n<\/style>\n<div  class='hr av-6bxtqzw-43f33a2ed425b569a1e45861a0ea850e hr-invisible  avia-builder-el-78  el_after_av_video  el_before_av_textblock '><span class='hr-inner '><span class=\"hr-inner-style\"><\/span><\/span><\/div>\n<section  class='av_textblock_section av-lezio66d-e9264c23a2ceccfcd73de19430c27688'  itemscope=\"itemscope\" itemtype=\"https:\/\/schema.org\/BlogPosting\" itemprop=\"blogPost\" ><div class='avia_textblock'  itemprop=\"text\" ><p>Next in the bill is <strong>Ikonika<\/strong>, one of the most respected names in the UK bass diaspora. After more than ten years of activity, four albums, dozens of EPs and live shows all over the world, and specially known for her affiliation and her numerous releases with Hyperdub Records, Ikonika is an artist constantly evolving. Her last <strong><em>Bubble Up<\/em><\/strong> EP, with a strong presence of the amapiano sound, reflects her diverse interests and musical influences, generating a show where she combines her vocals with live edits from her songs.<\/p>\n<\/div><\/section>\n\n<style type=\"text\/css\" data-created_by=\"avia_inline_auto\" id=\"style-css-av-5ucvtsc-d6ab19e3f1d97a3763e7c4b50fd69f08\">\n#top .hr.hr-invisible.av-5ucvtsc-d6ab19e3f1d97a3763e7c4b50fd69f08{\nheight:20px;\n}\n<\/style>\n<div  class='hr av-5ucvtsc-d6ab19e3f1d97a3763e7c4b50fd69f08 hr-invisible  avia-builder-el-80  el_after_av_textblock  el_before_av_slideshow '><span class='hr-inner '><span class=\"hr-inner-style\"><\/span><\/span><\/div>\n<div  class='avia-slideshow av-leziqk04-f5213381deeb868b95fb8bc87ab511f7 avia-slideshow-no scaling av_slideshow avia-slide-slider  avia-builder-el-81  el_after_av_hr  el_before_av_hr  img-noticia-full av-slideshow-ui av-control-default av-slideshow-manual av-loop-once av-loop-manual-endless av-default-height-applied avia-slideshow-4' data-slideshow-options=\"{&quot;animation&quot;:&quot;slide&quot;,&quot;autoplay&quot;:false,&quot;loop_autoplay&quot;:&quot;once&quot;,&quot;interval&quot;:5,&quot;loop_manual&quot;:&quot;manual-endless&quot;,&quot;autoplay_stopper&quot;:false,&quot;noNavigation&quot;:false,&quot;bg_slider&quot;:false,&quot;keep_padding&quot;:false,&quot;hoverpause&quot;:false,&quot;show_slide_delay&quot;:0}\"  itemprop=\"image\" itemscope=\"itemscope\" itemtype=\"https:\/\/schema.org\/ImageObject\" ><ul class='avia-slideshow-inner ' style='padding-bottom: 61.111111111111%;'><li  class='avia-slideshow-slide av-leziqk04-f5213381deeb868b95fb8bc87ab511f7__0  av-single-slide slide-1 slide-odd'><div data-rel='slideshow-4' class='avia-slide-wrap '   ><img decoding=\"async\" class=\"wp-image-37406 avia-img-lazy-loading-not-37406\"  src=\"https:\/\/levfestival.com\/wp-content\/uploads\/2023\/03\/ikonika-notiica.webp\" width=\"1800\" height=\"1100\" title='ikonika-notiica' alt=''  itemprop=\"thumbnailUrl\" srcset=\"https:\/\/levfestival.com\/wp-content\/uploads\/2023\/03\/ikonika-notiica.webp 1800w, https:\/\/levfestival.com\/wp-content\/uploads\/2023\/03\/ikonika-notiica-300x183.webp 300w, https:\/\/levfestival.com\/wp-content\/uploads\/2023\/03\/ikonika-notiica-1030x629.webp 1030w, https:\/\/levfestival.com\/wp-content\/uploads\/2023\/03\/ikonika-notiica-768x469.webp 768w, https:\/\/levfestival.com\/wp-content\/uploads\/2023\/03\/ikonika-notiica-1536x939.webp 1536w, https:\/\/levfestival.com\/wp-content\/uploads\/2023\/03\/ikonika-notiica-1500x917.webp 1500w, https:\/\/levfestival.com\/wp-content\/uploads\/2023\/03\/ikonika-notiica-705x431.webp 705w\" sizes=\"(max-width: 1800px) 100vw, 1800px\" \/><\/div><\/li><\/ul><\/div>\n\n<style type=\"text\/css\" data-created_by=\"avia_inline_auto\" id=\"style-css-av-5a5vezw-1d46fe2e0ceddd83cec092e00b770e8d\">\n#top .hr.hr-invisible.av-5a5vezw-1d46fe2e0ceddd83cec092e00b770e8d{\nheight:20px;\n}\n<\/style>\n<div  class='hr av-5a5vezw-1d46fe2e0ceddd83cec092e00b770e8d hr-invisible  avia-builder-el-82  el_after_av_slideshow  el_before_av_textblock '><span class='hr-inner '><span class=\"hr-inner-style\"><\/span><\/span><\/div>\n<section  class='av_textblock_section av-lezirf3w-f4f2936abf7d64f8cdcc9b72d1452fbd'  itemscope=\"itemscope\" itemtype=\"https:\/\/schema.org\/BlogPosting\" itemprop=\"blogPost\" ><div class='avia_textblock'  itemprop=\"text\" ><p>Japanese tribal bass duo <strong>WaqWaq Kingdom<\/strong> is formed by Kiki Hitomi, singer and composer as a solo artist or for such prestigious projects as King Midas Sound; and Shigeru Ishihara, legendary breakcore-gameboy DJ under the name of Scotch Egg. Their unique sound blends the traditional Japanese Minyo style with Jamaican dancehall, footwork, dub, techno, tribal polyrhythms and Super Nintendo tunes. Their work shows strong influences of the ancient Shinto mythology and Japanese Matsuri festivals, which honor their local gods. The results are truly hypnotic, Shamanic live shows.<\/p>\n<\/div><\/section>\n\n<style type=\"text\/css\" data-created_by=\"avia_inline_auto\" id=\"style-css-av-4uzfrzg-fb910780582c15d78383736a78668fa9\">\n#top .hr.hr-invisible.av-4uzfrzg-fb910780582c15d78383736a78668fa9{\nheight:20px;\n}\n<\/style>\n<div  class='hr av-4uzfrzg-fb910780582c15d78383736a78668fa9 hr-invisible  avia-builder-el-84  el_after_av_textblock  el_before_av_video '><span class='hr-inner '><span class=\"hr-inner-style\"><\/span><\/span><\/div>\n<div  class='avia-video av-leziryep-d220c27902fac7ab7dff85e3d236258a avia-video-16-9 av-no-preview-image avia-video-load-always av-lazyload-immediate av-lazyload-video-embed'  itemprop=\"video\" itemtype=\"https:\/\/schema.org\/VideoObject\"  data-original_url='https:\/\/youtu.be\/Kp_0KY2J7xY'><script type='text\/html' class='av-video-tmpl'><div class='avia-iframe-wrap'><iframe loading=\"lazy\" title=\"WaqWaq Kingdom - Relax In Chaos (live at Boiler Room TV)\" width=\"1500\" height=\"844\" src=\"https:\/\/www.youtube.com\/embed\/Kp_0KY2J7xY?feature=oembed&autoplay=0&loop=0&controls=1&mute=0\" frameborder=\"0\" allow=\"accelerometer; autoplay; clipboard-write; encrypted-media; gyroscope; picture-in-picture; web-share\" allowfullscreen><\/iframe><\/div><\/script><div class='av-click-to-play-overlay'><div class=\"avia_playpause_icon\"><\/div><\/div><\/div>\n\n<style type=\"text\/css\" data-created_by=\"avia_inline_auto\" id=\"style-css-av-4csvtik-6d854eb251a8d8f29755abfd9dba901e\">\n#top .hr.hr-invisible.av-4csvtik-6d854eb251a8d8f29755abfd9dba901e{\nheight:20px;\n}\n<\/style>\n<div  class='hr av-4csvtik-6d854eb251a8d8f29755abfd9dba901e hr-invisible  avia-builder-el-86  el_after_av_video  el_before_av_textblock '><span class='hr-inner '><span class=\"hr-inner-style\"><\/span><\/span><\/div>\n<section  class='av_textblock_section av-leziso9y-dc706ce7714a6e1319b28161189a14d8'  itemscope=\"itemscope\" itemtype=\"https:\/\/schema.org\/BlogPosting\" itemprop=\"blogPost\" ><div class='avia_textblock'  itemprop=\"text\" ><p>Since his first vinyl release in 2015, <strong>James Shinra<\/strong> has been exploring the most melodic side of braindance, electro, breakbeat and rave. His debut album, <em>Vital Heat<\/em>, in Analogical Force, was so well received that allowed him to get away from the dancefloor and widen his musical spectrum in multiple directions. This time he will play at Mus\u00e9u del Pueblu d\u2019Asturies, using his full arsenal of machines to delight us with a live show full of acid, electro beats and unforgettable melodies.<\/p>\n<\/div><\/section>\n\n<style type=\"text\/css\" data-created_by=\"avia_inline_auto\" id=\"style-css-av-dg6hws-9c1288208b69e23b51b409f7237fa1d8\">\n#top .hr.hr-invisible.av-dg6hws-9c1288208b69e23b51b409f7237fa1d8{\nheight:20px;\n}\n<\/style>\n<div  class='hr av-dg6hws-9c1288208b69e23b51b409f7237fa1d8 hr-invisible  avia-builder-el-88  el_after_av_textblock  el_before_av_video '><span class='hr-inner '><span class=\"hr-inner-style\"><\/span><\/span><\/div>\n<div  class='avia-video av-leziu1bs-c927bdb4a334424168c45581fdedc0ea avia-video-16-9 av-no-preview-image avia-video-load-always av-lazyload-immediate av-lazyload-video-embed'  itemprop=\"video\" itemtype=\"https:\/\/schema.org\/VideoObject\"  data-original_url='https:\/\/youtu.be\/aTc0-79UDms'><script type='text\/html' class='av-video-tmpl'><div class='avia-iframe-wrap'><iframe loading=\"lazy\" title=\"James Shinra - Spinet [2018]\" width=\"1500\" height=\"844\" src=\"https:\/\/www.youtube.com\/embed\/aTc0-79UDms?feature=oembed&autoplay=0&loop=0&controls=1&mute=0\" frameborder=\"0\" allow=\"accelerometer; autoplay; clipboard-write; encrypted-media; gyroscope; picture-in-picture; web-share\" allowfullscreen><\/iframe><\/div><\/script><div class='av-click-to-play-overlay'><div class=\"avia_playpause_icon\"><\/div><\/div><\/div>\n\n<style type=\"text\/css\" data-created_by=\"avia_inline_auto\" id=\"style-css-av-39moi24-4c47d256387b1bd29161bc85c3e5b43d\">\n#top .hr.hr-invisible.av-39moi24-4c47d256387b1bd29161bc85c3e5b43d{\nheight:20px;\n}\n<\/style>\n<div  class='hr av-39moi24-4c47d256387b1bd29161bc85c3e5b43d hr-invisible  avia-builder-el-90  el_after_av_video  el_before_av_textblock '><span class='hr-inner '><span class=\"hr-inner-style\"><\/span><\/span><\/div>\n<section  class='av_textblock_section av-leziv8jg-05bf1b5b100978093f914d9d91804728'  itemscope=\"itemscope\" itemtype=\"https:\/\/schema.org\/BlogPosting\" itemprop=\"blogPost\" ><div class='avia_textblock'  itemprop=\"text\" ><p>Closing the line-up in this space, <strong>Jailed Jamie<\/strong> will premiere, especially for L.E.V. Festival, his album <em><strong>Gimme Something To Break<\/strong><\/em>, which will be released on March 17. A side project by a very well-known name in Spanish underground electronic scene, Jaime Tellado (Skygaze), now joins forces with local label Antic Mass to release his second album as Jailed Jamie, paying tribute to timeless genres from late nineties-early noughties, such as bigbeat, breakbeat, jungle an electro. For this premiere at the festival, he will be accompanied by a crucial name in Gij\u00f3n&#8217;s culture: <strong>Helios Amor<\/strong>. Both this concert and Komatssu\u2019s will be presented with the collaboration of the <strong>Youth Department of the Gij\u00f3n City Council<\/strong>.<\/p>\n<\/div><\/section>\n\n<style type=\"text\/css\" data-created_by=\"avia_inline_auto\" id=\"style-css-av-2x4mxvw-274ee115cb2fb5ce5d21b58c4dc4ea0a\">\n#top .hr.hr-invisible.av-2x4mxvw-274ee115cb2fb5ce5d21b58c4dc4ea0a{\nheight:20px;\n}\n<\/style>\n<div  class='hr av-2x4mxvw-274ee115cb2fb5ce5d21b58c4dc4ea0a hr-invisible  avia-builder-el-92  el_after_av_textblock  el_before_av_slideshow '><span class='hr-inner '><span class=\"hr-inner-style\"><\/span><\/span><\/div>\n<div  class='avia-slideshow av-leziz1zs-e192ab4c53abae9b928ac40479f1f1ec avia-slideshow-no scaling av_slideshow avia-slide-slider  avia-builder-el-93  el_after_av_hr  el_before_av_hr  img-noticia-full av-slideshow-ui av-control-default av-slideshow-manual av-loop-once av-loop-manual-endless av-default-height-applied avia-slideshow-5' data-slideshow-options=\"{&quot;animation&quot;:&quot;slide&quot;,&quot;autoplay&quot;:false,&quot;loop_autoplay&quot;:&quot;once&quot;,&quot;interval&quot;:5,&quot;loop_manual&quot;:&quot;manual-endless&quot;,&quot;autoplay_stopper&quot;:false,&quot;noNavigation&quot;:false,&quot;bg_slider&quot;:false,&quot;keep_padding&quot;:false,&quot;hoverpause&quot;:false,&quot;show_slide_delay&quot;:0}\"  itemprop=\"image\" itemscope=\"itemscope\" itemtype=\"https:\/\/schema.org\/ImageObject\" ><ul class='avia-slideshow-inner ' style='padding-bottom: 66.666666666667%;'><li  class='avia-slideshow-slide av-leziz1zs-e192ab4c53abae9b928ac40479f1f1ec__0  av-single-slide slide-1 slide-odd'><div data-rel='slideshow-5' class='avia-slide-wrap '   ><img decoding=\"async\" class=\"wp-image-37350 avia-img-lazy-loading-not-37350\"  src=\"https:\/\/levfestival.com\/wp-content\/uploads\/2023\/03\/jailed-jamie.webp\" width=\"1800\" height=\"1200\" title='jailed-jamie' alt=''  itemprop=\"thumbnailUrl\" srcset=\"https:\/\/levfestival.com\/wp-content\/uploads\/2023\/03\/jailed-jamie.webp 1800w, https:\/\/levfestival.com\/wp-content\/uploads\/2023\/03\/jailed-jamie-300x200.webp 300w, https:\/\/levfestival.com\/wp-content\/uploads\/2023\/03\/jailed-jamie-1030x687.webp 1030w, https:\/\/levfestival.com\/wp-content\/uploads\/2023\/03\/jailed-jamie-768x512.webp 768w, https:\/\/levfestival.com\/wp-content\/uploads\/2023\/03\/jailed-jamie-1536x1024.webp 1536w, https:\/\/levfestival.com\/wp-content\/uploads\/2023\/03\/jailed-jamie-1500x1000.webp 1500w, https:\/\/levfestival.com\/wp-content\/uploads\/2023\/03\/jailed-jamie-705x470.webp 705w\" sizes=\"(max-width: 1800px) 100vw, 1800px\" \/><\/div><\/li><\/ul><\/div>\n\n<style type=\"text\/css\" data-created_by=\"avia_inline_auto\" id=\"style-css-av-leziznts-93e93602e97221c22d8b46ba3d2b8165\">\n#top .hr.hr-invisible.av-leziznts-93e93602e97221c22d8b46ba3d2b8165{\nheight:50px;\n}\n<\/style>\n<div  class='hr av-leziznts-93e93602e97221c22d8b46ba3d2b8165 hr-invisible  avia-builder-el-94  el_after_av_slideshow  el_before_av_textblock '><span class='hr-inner '><span class=\"hr-inner-style\"><\/span><\/span><\/div>\n<section  class='av_textblock_section av-lezj0a1w-ebd907521c80c0c1d5990f47d5316f03'  itemscope=\"itemscope\" itemtype=\"https:\/\/schema.org\/BlogPosting\" itemprop=\"blogPost\" ><div class='avia_textblock'  itemprop=\"text\" ><h1>Closing act at Teatro Jovellanos: D\u00f6kk by fuse*<\/h1>\n<\/div><\/section>\n\n<style type=\"text\/css\" data-created_by=\"avia_inline_auto\" id=\"style-css-av-2j6ft4c-1d5243c669869ee4e4dcad451b1cba1c\">\n#top .hr.hr-invisible.av-2j6ft4c-1d5243c669869ee4e4dcad451b1cba1c{\nheight:20px;\n}\n<\/style>\n<div  class='hr av-2j6ft4c-1d5243c669869ee4e4dcad451b1cba1c hr-invisible  avia-builder-el-96  el_after_av_textblock  el_before_av_textblock '><span class='hr-inner '><span class=\"hr-inner-style\"><\/span><\/span><\/div>\n<section  class='av_textblock_section av-lezj1cl4-2f6888b229d5399596c4f6f7225fc843'  itemscope=\"itemscope\" itemtype=\"https:\/\/schema.org\/BlogPosting\" itemprop=\"blogPost\" ><div class='avia_textblock'  itemprop=\"text\" ><p>One of the most special events of this year will be the closing act, on <strong>Sunday April 30 at Teatro Jovellanos<\/strong>. For this occasion, the festival brings back the project <em><strong>D\u00f6kk<\/strong><\/em> by Italian studio <strong>fuse*<\/strong>. It was part of LEV 2021, with the constraints imposed by the pandemic. At L.E.V. we think it was one of the most outstanding audiovisual performances of the last years, so we want it to reach a wider audience this time.<span class=\"Apple-converted-space\">\u00a0<\/span><\/p>\n<p>This live-media performance takes us to a journey to the subconscious, the emotions and the unpredictability of the human being, combining live dance with a data system able to perform a real time analysis on aspects such as sound, the movements of the performer o her heartbeats, to read them and project them on stage, transformed in digital landscapes and 3D objects. A space where each gesture has a direct consequence, in a continuous pursuit for the balance between light and darkness.<\/p>\n<\/div><\/section>\n\n<style type=\"text\/css\" data-created_by=\"avia_inline_auto\" id=\"style-css-av-1yjness-f4ef138a7be968c5cb53ec7892fb2837\">\n#top .hr.hr-invisible.av-1yjness-f4ef138a7be968c5cb53ec7892fb2837{\nheight:20px;\n}\n<\/style>\n<div  class='hr av-1yjness-f4ef138a7be968c5cb53ec7892fb2837 hr-invisible  avia-builder-el-98  el_after_av_textblock  el_before_av_video '><span class='hr-inner '><span class=\"hr-inner-style\"><\/span><\/span><\/div>\n<div  class='avia-video av-lezj244p-4c7ec2e7feb40b99c92e4366177f49f8 avia-video-16-9 av-no-preview-image avia-video-load-always av-lazyload-immediate av-lazyload-video-embed'  itemprop=\"video\" itemtype=\"https:\/\/schema.org\/VideoObject\"  data-original_url='https:\/\/vimeo.com\/205071534'><script type='text\/html' class='av-video-tmpl'><div class='avia-iframe-wrap'><iframe loading=\"lazy\" title=\"D&amp;ouml;kk\" src=\"https:\/\/player.vimeo.com\/video\/205071534?h=e5b3ea087e&amp;dnt=1&amp;app_id=122963&autoplay=0&loop=0&controls=1&muted=0\" width=\"1500\" height=\"844\" frameborder=\"0\" allow=\"autoplay; fullscreen; picture-in-picture\" allowfullscreen><\/iframe><\/div><\/script><div class='av-click-to-play-overlay'><div class=\"avia_playpause_icon\"><\/div><\/div><\/div>\n\n<style type=\"text\/css\" data-created_by=\"avia_inline_auto\" id=\"style-css-av-1hp7a0c-593b582e38e1cd5b6f91d8eae65706f8\">\n#top .hr.hr-invisible.av-1hp7a0c-593b582e38e1cd5b6f91d8eae65706f8{\nheight:50px;\n}\n<\/style>\n<div  class='hr av-1hp7a0c-593b582e38e1cd5b6f91d8eae65706f8 hr-invisible  avia-builder-el-100  el_after_av_video  el_before_av_textblock '><span class='hr-inner '><span class=\"hr-inner-style\"><\/span><\/span><\/div>\n<section  class='av_textblock_section av-lezj2zzb-feada75d3ca2fbb8274f35175334c150'  itemscope=\"itemscope\" itemtype=\"https:\/\/schema.org\/BlogPosting\" itemprop=\"blogPost\" ><div class='avia_textblock'  itemprop=\"text\" ><h1>New live formats at Jard\u00edn Bot\u00e1nico, audiovisual installations and extended realities<\/h1>\n<\/div><\/section>\n\n<style type=\"text\/css\" data-created_by=\"avia_inline_auto\" id=\"style-css-av-ziagks-4e01d160495539776fd37147be51b943\">\n#top .hr.hr-invisible.av-ziagks-4e01d160495539776fd37147be51b943{\nheight:20px;\n}\n<\/style>\n<div  class='hr av-ziagks-4e01d160495539776fd37147be51b943 hr-invisible  avia-builder-el-102  el_after_av_textblock  el_before_av_textblock '><span class='hr-inner '><span class=\"hr-inner-style\"><\/span><\/span><\/div>\n<section  class='av_textblock_section av-lezj4yar-2a8a52dd8e79e13d9e11524e823c7527'  itemscope=\"itemscope\" itemtype=\"https:\/\/schema.org\/BlogPosting\" itemprop=\"blogPost\" ><div class='avia_textblock'  itemprop=\"text\" ><p>On <strong>Sunday April 30<\/strong>, and as a first in this 2023, L.E.V. will bring back daytime shows at <strong>Jard\u00edn Bot\u00e1nico Atl\u00e1ntico de Gij\u00f3n<\/strong>, with an innovative format that will be announced soon, along with the artists who will perform in this space. Besides, throughout the four days of the festival, different spaces of the town will host several <strong>audiovisual installations and activities related to extended realities<\/strong>, such as virtual or augmented reality. As in previous years, this is a collaboration with <strong>Arenas Movedizas<\/strong>, the experimental project about audiovisual culture, with the support of the European project <strong>RIT (Realities in Transition), Centro de Cultura Antiguo Instituto, LABoral Centro de Arte<\/strong> and European project <strong>EMAP (European Media Art Platform).<\/strong><\/p>\n<\/div><\/section>\n\n<style type=\"text\/css\" data-created_by=\"avia_inline_auto\" id=\"style-css-av-m101e4-0e1b567edb261e62e30a472270e7e8fa\">\n#top .hr.hr-invisible.av-m101e4-0e1b567edb261e62e30a472270e7e8fa{\nheight:80px;\n}\n<\/style>\n<div  class='hr av-m101e4-0e1b567edb261e62e30a472270e7e8fa hr-invisible  avia-builder-el-104  el_after_av_textblock  el_before_av_one_fourth '><span class='hr-inner '><span class=\"hr-inner-style\"><\/span><\/span><\/div>\n<div class='flex_column av-ldzskvoo-35b3aed1b28c3934161ddcac052b9e64 av_one_fourth  avia-builder-el-105  el_after_av_hr  el_before_av_one_fourth  first flex_column_div '     ><section  class='av_textblock_section av-ldsyp7r1-274ceff12f1bfdfedc096d817bbb0114'  itemscope=\"itemscope\" itemtype=\"https:\/\/schema.org\/BlogPosting\" itemprop=\"blogPost\" ><div class='avia_textblock'  itemprop=\"text\" ><p><b>L.E.V. Festival 2023<\/b><br \/>\n<b>27 &#8211; 30 abril<\/b> | <b>Gij\u00f3n<\/b><\/p>\n<\/div><\/section><\/div><div class='flex_column av-22hafd2-ba07161009616bacfc2e50ecf55dc8bf av_one_fourth  avia-builder-el-107  el_after_av_one_fourth  el_before_av_one_half  flex_column_div '     ><section  class='av_textblock_section av-ldz4c0qn-37e9b3826f6b07d7210014beeef5319f'  itemscope=\"itemscope\" itemtype=\"https:\/\/schema.org\/BlogPosting\" itemprop=\"blogPost\" ><div class='avia_textblock'  itemprop=\"text\" ><p><a href=\"http:\/\/www.levfestival.com\"><b>www.levfestival.com<\/b><\/a><br \/>\n<b>@levfestival <\/b><b>#LEVFestival<\/b><\/p>\n<\/div><\/section><\/div><div class='flex_column av-1fuiq06-abb29ba85b6126a2e1acf49e64e1c68d av_one_half  avia-builder-el-109  el_after_av_one_fourth  el_before_av_hr  flex_column_div '     ><section  class='av_textblock_section av-ldz4cj1i-8ac45fef2f5d43f122ae4b125af42100'  itemscope=\"itemscope\" itemtype=\"https:\/\/schema.org\/BlogPosting\" itemprop=\"blogPost\" ><div class='avia_textblock'  itemprop=\"text\" ><p><strong>An initiative by<\/strong> Datatron<br \/>\n<strong>Supported by<\/strong> Gij\u00f3n&#8217;s Town Council and the Principality of Asturias<\/p>\n<\/div><\/section><\/div>\n<style type=\"text\/css\" data-created_by=\"avia_inline_auto\" id=\"style-css-av-19crxwm-765c7057bca196d9ee7ca5f0b38a2610\">\n#top .hr.hr-invisible.av-19crxwm-765c7057bca196d9ee7ca5f0b38a2610{\nheight:40px;\n}\n<\/style>\n<div  class='hr av-19crxwm-765c7057bca196d9ee7ca5f0b38a2610 hr-invisible  avia-builder-el-111  el_after_av_one_half  el_before_av_textblock '><span class='hr-inner '><span class=\"hr-inner-style\"><\/span><\/span><\/div>\n<section  class='av_textblock_section av-ldz4i9om-592175f740f6fea313a7d5bafc79416b'  itemscope=\"itemscope\" itemtype=\"https:\/\/schema.org\/BlogPosting\" itemprop=\"blogPost\" ><div class='avia_textblock'  itemprop=\"text\" ><p style=\"text-align: left;\">Partners: RIT (Realities In Transition), LABoral Centro de Arte y Creaci\u00f3n Industrial, EMAP (European Media Art Platform), Arenas Movedizas, Laboral Ciudad de la Cultura, Embajada de Canad\u00e1 en Espa\u00f1a, Istituto Italiano di Cultura di Madrid, Conseyu de Moced\u00e1 de Xix\u00f3n, Radio 3, OCIMAG, CLOT Magazine, Organics by Red Bull.<\/p>\n<p style=\"text-align: left;\">Spaces: \u00a0Teatro Jovellanos, Teatro de la Laboral, Laboral Centro de Arte y Creaci\u00f3n Industrial, Centro de Cultura Antiguo Instituto, Mus\u00e9u del Pueblu d\u2019Asturies, Escuela de Comercio and Jard\u00edn Bot\u00e1nico Atl\u00e1ntico.<\/p>\n<p style=\"text-align: left;\">Graphic design: Pasajero37 \/\u00a0Motion design: Holke79 \/\u00a0Sound design and music: Jorge Haro<\/p>\n<\/div><\/section>\n\n<style type=\"text\/css\" data-created_by=\"avia_inline_auto\" id=\"style-css-av-rso0xy-96d5673cb0920cfad61eda478cc820ec\">\n#top .hr.hr-invisible.av-rso0xy-96d5673cb0920cfad61eda478cc820ec{\nheight:40px;\n}\n<\/style>\n<div  class='hr av-rso0xy-96d5673cb0920cfad61eda478cc820ec hr-invisible  avia-builder-el-113  el_after_av_textblock  el_before_av_image '><span class='hr-inner '><span class=\"hr-inner-style\"><\/span><\/span><\/div>\n\n<style type=\"text\/css\" data-created_by=\"avia_inline_auto\" id=\"style-css-av-ldt0jisc-714bf71c992c6e46f52f9b144579fdf0\">\n.avia-image-container.av-ldt0jisc-714bf71c992c6e46f52f9b144579fdf0 img.avia_image{\nbox-shadow:none;\n}\n.avia-image-container.av-ldt0jisc-714bf71c992c6e46f52f9b144579fdf0 .av-image-caption-overlay-center{\ncolor:#ffffff;\n}\n<\/style>\n<div  class='avia-image-container av-ldt0jisc-714bf71c992c6e46f52f9b144579fdf0 av-styling- avia-align-center  avia-builder-el-114  el_after_av_hr  el_before_av_hr '   itemprop=\"image\" itemscope=\"itemscope\" itemtype=\"https:\/\/schema.org\/ImageObject\" ><div class=\"avia-image-container-inner\"><div class=\"avia-image-overlay-wrap\"><img decoding=\"async\" class='wp-image-37410 avia-img-lazy-loading-not-37410 avia_image ' src=\"https:\/\/levfestival.com\/wp-content\/uploads\/2023\/03\/Cartel_LEV_2023_azul_v2-727x1030.webp\" alt='' title='Cartel_LEV_2023_azul_v2'  height=\"1030\" width=\"727\"  itemprop=\"thumbnailUrl\" srcset=\"https:\/\/levfestival.com\/wp-content\/uploads\/2023\/03\/Cartel_LEV_2023_azul_v2-727x1030.webp 727w, https:\/\/levfestival.com\/wp-content\/uploads\/2023\/03\/Cartel_LEV_2023_azul_v2-212x300.webp 212w, https:\/\/levfestival.com\/wp-content\/uploads\/2023\/03\/Cartel_LEV_2023_azul_v2-768x1089.webp 768w, https:\/\/levfestival.com\/wp-content\/uploads\/2023\/03\/Cartel_LEV_2023_azul_v2-1084x1536.webp 1084w, https:\/\/levfestival.com\/wp-content\/uploads\/2023\/03\/Cartel_LEV_2023_azul_v2-1058x1500.webp 1058w, https:\/\/levfestival.com\/wp-content\/uploads\/2023\/03\/Cartel_LEV_2023_azul_v2-497x705.webp 497w, https:\/\/levfestival.com\/wp-content\/uploads\/2023\/03\/Cartel_LEV_2023_azul_v2.webp 1200w\" sizes=\"(max-width: 727px) 100vw, 727px\" \/><\/div><\/div><\/div>\n\n<style type=\"text\/css\" data-created_by=\"avia_inline_auto\" id=\"style-css-av-kzbajq-2538c58e80eafacfeb333168a8d10f81\">\n#top .hr.hr-invisible.av-kzbajq-2538c58e80eafacfeb333168a8d10f81{\nheight:40px;\n}\n<\/style>\n<div  class='hr av-kzbajq-2538c58e80eafacfeb333168a8d10f81 hr-invisible  avia-builder-el-115  el_after_av_image  avia-builder-el-last '><span class='hr-inner '><span class=\"hr-inner-style\"><\/span><\/span><\/div>\n\n","protected":false},"excerpt":{"rendered":"","protected":false},"author":1,"featured_media":37369,"comment_status":"closed","ping_status":"open","sticky":false,"template":"","format":"standard","meta":{"footnotes":""},"categories":[27,1],"tags":[],"class_list":["post-37378","post","type-post","status-publish","format-standard","has-post-thumbnail","hentry","category-gijon","category-sin-categorizar"],"yoast_head":"<!-- This site is optimized with the Yoast SEO plugin v20.7 - https:\/\/yoast.com\/wordpress\/plugins\/seo\/ -->\n<title>L.E.V. FESTIVAL ANNOUNCES NEW NAMES FOR THE 2023 EDITION IN GIJ\u00d3N - LEV Festival<\/title>\n<meta name=\"robots\" content=\"index, follow, max-snippet:-1, max-image-preview:large, max-video-preview:-1\" \/>\n<link rel=\"canonical\" href=\"https:\/\/levfestival.com\/en\/l-e-v-festival-announces-new-names-for-the-2023-edition-in-gijon\/\" \/>\n<meta property=\"og:locale\" content=\"en_US\" \/>\n<meta property=\"og:type\" content=\"article\" \/>\n<meta property=\"og:title\" content=\"L.E.V. FESTIVAL ANNOUNCES NEW NAMES FOR THE 2023 EDITION IN GIJ\u00d3N - LEV Festival\" \/>\n<meta property=\"og:url\" content=\"https:\/\/levfestival.com\/en\/l-e-v-festival-announces-new-names-for-the-2023-edition-in-gijon\/\" \/>\n<meta property=\"og:site_name\" content=\"LEV Festival\" \/>\n<meta property=\"article:published_time\" content=\"2023-03-08T12:45:01+00:00\" \/>\n<meta property=\"article:modified_time\" content=\"2023-03-09T11:20:52+00:00\" \/>\n<meta property=\"og:image\" content=\"https:\/\/levfestival.com\/wp-content\/uploads\/2023\/03\/Chroniques_Krasis_Playe-Radulescu_n-grid.webp\" \/>\n\t<meta property=\"og:image:width\" content=\"535\" \/>\n\t<meta property=\"og:image:height\" content=\"374\" \/>\n\t<meta property=\"og:image:type\" content=\"image\/webp\" \/>\n<meta name=\"author\" content=\"Humme\" \/>\n<meta name=\"twitter:card\" content=\"summary_large_image\" \/>\n<meta name=\"twitter:label1\" content=\"Written by\" \/>\n\t<meta name=\"twitter:data1\" content=\"Humme\" \/>\n\t<meta name=\"twitter:label2\" content=\"Est. reading time\" \/>\n\t<meta name=\"twitter:data2\" content=\"31 minutes\" \/>\n<script type=\"application\/ld+json\" class=\"yoast-schema-graph\">{\"@context\":\"https:\/\/schema.org\",\"@graph\":[{\"@type\":\"WebPage\",\"@id\":\"https:\/\/levfestival.com\/en\/l-e-v-festival-announces-new-names-for-the-2023-edition-in-gijon\/\",\"url\":\"https:\/\/levfestival.com\/en\/l-e-v-festival-announces-new-names-for-the-2023-edition-in-gijon\/\",\"name\":\"L.E.V. FESTIVAL ANNOUNCES NEW NAMES FOR THE 2023 EDITION IN GIJ\u00d3N - LEV Festival\",\"isPartOf\":{\"@id\":\"https:\/\/levfestival.com\/#website\"},\"datePublished\":\"2023-03-08T12:45:01+00:00\",\"dateModified\":\"2023-03-09T11:20:52+00:00\",\"author\":{\"@id\":\"https:\/\/levfestival.com\/#\/schema\/person\/e2142c72a7272670c965c75a56382bcf\"},\"inLanguage\":\"en-US\",\"potentialAction\":[{\"@type\":\"ReadAction\",\"target\":[\"https:\/\/levfestival.com\/en\/l-e-v-festival-announces-new-names-for-the-2023-edition-in-gijon\/\"]}]},{\"@type\":\"WebSite\",\"@id\":\"https:\/\/levfestival.com\/#website\",\"url\":\"https:\/\/levfestival.com\/\",\"name\":\"LEV Festival\",\"description\":\"LEV\",\"potentialAction\":[{\"@type\":\"SearchAction\",\"target\":{\"@type\":\"EntryPoint\",\"urlTemplate\":\"https:\/\/levfestival.com\/?s={search_term_string}\"},\"query-input\":\"required name=search_term_string\"}],\"inLanguage\":\"en-US\"},{\"@type\":\"Person\",\"@id\":\"https:\/\/levfestival.com\/#\/schema\/person\/e2142c72a7272670c965c75a56382bcf\",\"name\":\"Humme\",\"image\":{\"@type\":\"ImageObject\",\"inLanguage\":\"en-US\",\"@id\":\"https:\/\/levfestival.com\/#\/schema\/person\/image\/\",\"url\":\"https:\/\/secure.gravatar.com\/avatar\/c27bb9a5fc06001117e06658d7a38b765cd67431eeb3ce3eeb3aedae32d683ee?s=96&d=mm&r=g\",\"contentUrl\":\"https:\/\/secure.gravatar.com\/avatar\/c27bb9a5fc06001117e06658d7a38b765cd67431eeb3ce3eeb3aedae32d683ee?s=96&d=mm&r=g\",\"caption\":\"Humme\"},\"sameAs\":[\"https:\/\/levfestival.com\/lev\"],\"url\":\"https:\/\/levfestival.com\/en\/author\/humme\/\"}]}<\/script>\n<!-- \/ Yoast SEO plugin. -->","yoast_head_json":{"title":"L.E.V. FESTIVAL ANNOUNCES NEW NAMES FOR THE 2023 EDITION IN GIJ\u00d3N - LEV Festival","robots":{"index":"index","follow":"follow","max-snippet":"max-snippet:-1","max-image-preview":"max-image-preview:large","max-video-preview":"max-video-preview:-1"},"canonical":"https:\/\/levfestival.com\/en\/l-e-v-festival-announces-new-names-for-the-2023-edition-in-gijon\/","og_locale":"en_US","og_type":"article","og_title":"L.E.V. FESTIVAL ANNOUNCES NEW NAMES FOR THE 2023 EDITION IN GIJ\u00d3N - LEV Festival","og_url":"https:\/\/levfestival.com\/en\/l-e-v-festival-announces-new-names-for-the-2023-edition-in-gijon\/","og_site_name":"LEV Festival","article_published_time":"2023-03-08T12:45:01+00:00","article_modified_time":"2023-03-09T11:20:52+00:00","og_image":[{"width":535,"height":374,"url":"https:\/\/levfestival.com\/wp-content\/uploads\/2023\/03\/Chroniques_Krasis_Playe-Radulescu_n-grid.webp","type":"image\/webp"}],"author":"Humme","twitter_card":"summary_large_image","twitter_misc":{"Written by":"Humme","Est. reading time":"31 minutes"},"schema":{"@context":"https:\/\/schema.org","@graph":[{"@type":"WebPage","@id":"https:\/\/levfestival.com\/en\/l-e-v-festival-announces-new-names-for-the-2023-edition-in-gijon\/","url":"https:\/\/levfestival.com\/en\/l-e-v-festival-announces-new-names-for-the-2023-edition-in-gijon\/","name":"L.E.V. FESTIVAL ANNOUNCES NEW NAMES FOR THE 2023 EDITION IN GIJ\u00d3N - LEV Festival","isPartOf":{"@id":"https:\/\/levfestival.com\/#website"},"datePublished":"2023-03-08T12:45:01+00:00","dateModified":"2023-03-09T11:20:52+00:00","author":{"@id":"https:\/\/levfestival.com\/#\/schema\/person\/e2142c72a7272670c965c75a56382bcf"},"inLanguage":"en-US","potentialAction":[{"@type":"ReadAction","target":["https:\/\/levfestival.com\/en\/l-e-v-festival-announces-new-names-for-the-2023-edition-in-gijon\/"]}]},{"@type":"WebSite","@id":"https:\/\/levfestival.com\/#website","url":"https:\/\/levfestival.com\/","name":"LEV Festival","description":"LEV","potentialAction":[{"@type":"SearchAction","target":{"@type":"EntryPoint","urlTemplate":"https:\/\/levfestival.com\/?s={search_term_string}"},"query-input":"required name=search_term_string"}],"inLanguage":"en-US"},{"@type":"Person","@id":"https:\/\/levfestival.com\/#\/schema\/person\/e2142c72a7272670c965c75a56382bcf","name":"Humme","image":{"@type":"ImageObject","inLanguage":"en-US","@id":"https:\/\/levfestival.com\/#\/schema\/person\/image\/","url":"https:\/\/secure.gravatar.com\/avatar\/c27bb9a5fc06001117e06658d7a38b765cd67431eeb3ce3eeb3aedae32d683ee?s=96&d=mm&r=g","contentUrl":"https:\/\/secure.gravatar.com\/avatar\/c27bb9a5fc06001117e06658d7a38b765cd67431eeb3ce3eeb3aedae32d683ee?s=96&d=mm&r=g","caption":"Humme"},"sameAs":["https:\/\/levfestival.com\/lev"],"url":"https:\/\/levfestival.com\/en\/author\/humme\/"}]}},"_links":{"self":[{"href":"https:\/\/levfestival.com\/en\/wp-json\/wp\/v2\/posts\/37378","targetHints":{"allow":["GET"]}}],"collection":[{"href":"https:\/\/levfestival.com\/en\/wp-json\/wp\/v2\/posts"}],"about":[{"href":"https:\/\/levfestival.com\/en\/wp-json\/wp\/v2\/types\/post"}],"author":[{"embeddable":true,"href":"https:\/\/levfestival.com\/en\/wp-json\/wp\/v2\/users\/1"}],"replies":[{"embeddable":true,"href":"https:\/\/levfestival.com\/en\/wp-json\/wp\/v2\/comments?post=37378"}],"version-history":[{"count":5,"href":"https:\/\/levfestival.com\/en\/wp-json\/wp\/v2\/posts\/37378\/revisions"}],"predecessor-version":[{"id":37421,"href":"https:\/\/levfestival.com\/en\/wp-json\/wp\/v2\/posts\/37378\/revisions\/37421"}],"wp:featuredmedia":[{"embeddable":true,"href":"https:\/\/levfestival.com\/en\/wp-json\/wp\/v2\/media\/37369"}],"wp:attachment":[{"href":"https:\/\/levfestival.com\/en\/wp-json\/wp\/v2\/media?parent=37378"}],"wp:term":[{"taxonomy":"category","embeddable":true,"href":"https:\/\/levfestival.com\/en\/wp-json\/wp\/v2\/categories?post=37378"},{"taxonomy":"post_tag","embeddable":true,"href":"https:\/\/levfestival.com\/en\/wp-json\/wp\/v2\/tags?post=37378"}],"curies":[{"name":"wp","href":"https:\/\/api.w.org\/{rel}","templated":true}]}}