{"id":37718,"date":"2023-09-01T18:00:22","date_gmt":"2023-09-01T16:00:22","guid":{"rendered":"https:\/\/levfestival.com\/?p=37718"},"modified":"2023-07-31T12:55:13","modified_gmt":"2023-07-31T10:55:13","slug":"l-e-v-matadero-festival-of-visual-electronica-and-extended-realities-announces-line-up-of-live-shows-for-its-fifth-year","status":"publish","type":"post","link":"https:\/\/levfestival.com\/en\/l-e-v-matadero-festival-of-visual-electronica-and-extended-realities-announces-line-up-of-live-shows-for-its-fifth-year\/","title":{"rendered":"L.E.V. Matadero, Festival of Visual Electronica and Extended Realities, announces line up of live shows for its fifth year"},"content":{"rendered":"\n<style type=\"text\/css\" data-created_by=\"avia_inline_auto\" id=\"style-css-av-ldzreqp3-31d5bee1365fa9a1d2259fed2eb5a17d\">\n\n@media only screen and (min-width: 768px) and (max-width: 989px){ \n.avia-section.av-ldzreqp3-31d5bee1365fa9a1d2259fed2eb5a17d{\nmargin-bottom:0;\n}\n}\n\n@media only screen and (min-width: 480px) and (max-width: 767px){ \n.avia-section.av-ldzreqp3-31d5bee1365fa9a1d2259fed2eb5a17d{\nmargin-bottom:0;\n}\n}\n\n@media only screen and (max-width: 479px){ \n.avia-section.av-ldzreqp3-31d5bee1365fa9a1d2259fed2eb5a17d{\nmargin-bottom:0;\n}\n}\n<\/style>\n<div id='av_section_1'  class='avia-section av-ldzreqp3-31d5bee1365fa9a1d2259fed2eb5a17d main_color avia-section-small avia-no-border-styling  avia-builder-el-0  el_before_av_slideshow_full  avia-builder-el-first  avia-bg-style-scroll container_wrap fullsize'  ><div class='container av-section-cont-open' ><main  role=\"main\" itemprop=\"mainContentOfPage\"  class='template-page content  av-content-full alpha units'><div class='post-entry post-entry-type-page post-entry-37718'><div class='entry-content-wrapper clearfix'>\n\n<style type=\"text\/css\" data-created_by=\"avia_inline_auto\" id=\"style-css-av-ldzrgwwu-e402b224a5e93e9a8d35d151a0d38bc4\">\n#top .flex_column.av-ldzrgwwu-e402b224a5e93e9a8d35d151a0d38bc4{\nmargin-top:0px;\nmargin-bottom:0px;\n}\n.flex_column.av-ldzrgwwu-e402b224a5e93e9a8d35d151a0d38bc4{\npadding:50px 0 0 0;\n}\n.responsive #top #wrap_all .flex_column.av-ldzrgwwu-e402b224a5e93e9a8d35d151a0d38bc4{\nmargin-top:0px;\nmargin-bottom:0px;\n}\n\n@media only screen and (min-width: 480px) and (max-width: 767px){ \n#top .flex_column.av-ldzrgwwu-e402b224a5e93e9a8d35d151a0d38bc4{\nmargin-bottom:0;\n}\n.responsive #top #wrap_all .flex_column.av-ldzrgwwu-e402b224a5e93e9a8d35d151a0d38bc4{\nmargin-bottom:0;\n}\n}\n\n@media only screen and (max-width: 479px){ \n#top .flex_column.av-ldzrgwwu-e402b224a5e93e9a8d35d151a0d38bc4{\nmargin-bottom:0;\n}\n.responsive #top #wrap_all .flex_column.av-ldzrgwwu-e402b224a5e93e9a8d35d151a0d38bc4{\nmargin-bottom:0;\n}\n}\n<\/style>\n<div class='flex_column av-ldzrgwwu-e402b224a5e93e9a8d35d151a0d38bc4 av_one_half  avia-builder-el-1  avia-builder-el-no-sibling  first flex_column_div '     ><section  class='av_textblock_section av-ldsyb8wu-dac27b87689b49f854bb1a4860ed58d5'  itemscope=\"itemscope\" itemtype=\"https:\/\/schema.org\/BlogPosting\" itemprop=\"blogPost\" ><div class='avia_textblock'  itemprop=\"text\" ><h1>L.E.V. Matadero, Festival of Visual Electronica and Extended Realities, announces line up of live shows for its fifth year<\/h1>\n<\/div><\/section><\/div>\n\n<\/div><\/div><\/main><!-- close content main element --><\/div><\/div><div id='full_slider_1'  class='avia-fullwidth-slider main_color avia-shadow   avia-builder-el-3  el_after_av_section  el_before_av_section   slider-not-first container_wrap fullsize'  >\n<style type=\"text\/css\" data-created_by=\"avia_inline_auto\" id=\"style-css-av-ldzrdrpo-c43c541ea6f2c694adc7012495df9e75\">\n.avia-slideshow.av-ldzrdrpo-c43c541ea6f2c694adc7012495df9e75 .av-image-copyright{\ncolor:#ffffff;\n}\n<\/style>\n<div  class='avia-slideshow av-ldzrdrpo-c43c541ea6f2c694adc7012495df9e75 avia-slideshow-no scaling av_slideshow_full avia-slide-slider av-slideshow-ui av-control-default av-slideshow-manual av-loop-once av-loop-manual-endless av-default-height-applied   avia-slideshow-1' data-slideshow-options=\"{&quot;animation&quot;:&quot;slide&quot;,&quot;autoplay&quot;:false,&quot;loop_autoplay&quot;:&quot;once&quot;,&quot;interval&quot;:5,&quot;loop_manual&quot;:&quot;manual-endless&quot;,&quot;autoplay_stopper&quot;:false,&quot;noNavigation&quot;:false,&quot;bg_slider&quot;:false,&quot;keep_padding&quot;:false,&quot;hoverpause&quot;:false,&quot;show_slide_delay&quot;:0}\"  itemprop=\"image\" itemscope=\"itemscope\" itemtype=\"https:\/\/schema.org\/ImageObject\" ><ul class='avia-slideshow-inner ' style='padding-bottom: 71.40625%;'><li  class='avia-slideshow-slide av-ldzrdrpo-c43c541ea6f2c694adc7012495df9e75__0  av-single-slide slide-1 slide-odd'><div data-rel='slideshow-1' class='avia-slide-wrap '   ><img decoding=\"async\" class=\"wp-image-37722 avia-img-lazy-loading-not-37722\"  src=\"https:\/\/levfestival.com\/wp-content\/uploads\/2023\/07\/noticia-matadero23.jpeg\" width=\"1920\" height=\"1371\" title='noticia-matadero23' alt=''  itemprop=\"thumbnailUrl\" srcset=\"https:\/\/levfestival.com\/wp-content\/uploads\/2023\/07\/noticia-matadero23.jpeg 1920w, https:\/\/levfestival.com\/wp-content\/uploads\/2023\/07\/noticia-matadero23-300x214.jpeg 300w, https:\/\/levfestival.com\/wp-content\/uploads\/2023\/07\/noticia-matadero23-1030x735.jpeg 1030w, https:\/\/levfestival.com\/wp-content\/uploads\/2023\/07\/noticia-matadero23-768x548.jpeg 768w, https:\/\/levfestival.com\/wp-content\/uploads\/2023\/07\/noticia-matadero23-1536x1097.jpeg 1536w, https:\/\/levfestival.com\/wp-content\/uploads\/2023\/07\/noticia-matadero23-1500x1071.jpeg 1500w, https:\/\/levfestival.com\/wp-content\/uploads\/2023\/07\/noticia-matadero23-260x185.jpeg 260w, https:\/\/levfestival.com\/wp-content\/uploads\/2023\/07\/noticia-matadero23-705x503.jpeg 705w\" sizes=\"(max-width: 1920px) 100vw, 1920px\" \/><\/div><\/li><\/ul><\/div><\/div>\n\n<style type=\"text\/css\" data-created_by=\"avia_inline_auto\" id=\"style-css-av-5qn5v2e-4488688daf237fb33f9d7a846317bbcf\">\n.avia-section.av-5qn5v2e-4488688daf237fb33f9d7a846317bbcf{\nmargin-top:0;\nmargin-bottom:0px;\n}\n<\/style>\n<div id='av_section_2'  class='avia-section av-5qn5v2e-4488688daf237fb33f9d7a846317bbcf main_color avia-section-small avia-no-border-styling  avia-builder-el-4  el_after_av_slideshow_full  avia-builder-el-last  avia-bg-style-scroll container_wrap fullsize'  ><div class='container av-section-cont-open' ><div class='template-page content  av-content-full alpha units'><div class='post-entry post-entry-type-page post-entry-37718'><div class='entry-content-wrapper clearfix'>\n\n<style type=\"text\/css\" data-created_by=\"avia_inline_auto\" id=\"style-css-av-58fpr6u-48ee9a3aa40d67af56fc7afb0e96c71e\">\n#top .hr.hr-invisible.av-58fpr6u-48ee9a3aa40d67af56fc7afb0e96c71e{\nheight:20px;\n}\n<\/style>\n<div  class='hr av-58fpr6u-48ee9a3aa40d67af56fc7afb0e96c71e hr-invisible  avia-builder-el-5  el_before_av_one_half  avia-builder-el-first '><span class='hr-inner '><span class=\"hr-inner-style\"><\/span><\/span><\/div>\n\n<style type=\"text\/css\" data-created_by=\"avia_inline_auto\" id=\"style-css-av-lezfd2te-b7a914ba2eba2125af62a9549fa90c38\">\n#top .flex_column.av-lezfd2te-b7a914ba2eba2125af62a9549fa90c38{\nmargin-top:0px;\nmargin-bottom:0px;\n}\n.responsive #top #wrap_all .flex_column.av-lezfd2te-b7a914ba2eba2125af62a9549fa90c38{\nmargin-top:0px;\nmargin-bottom:0px;\n}\n\n@media only screen and (min-width: 480px) and (max-width: 767px){ \n#top .flex_column.av-lezfd2te-b7a914ba2eba2125af62a9549fa90c38{\nmargin-bottom:0;\n}\n.responsive #top #wrap_all .flex_column.av-lezfd2te-b7a914ba2eba2125af62a9549fa90c38{\nmargin-bottom:0;\n}\n}\n\n@media only screen and (max-width: 479px){ \n#top .flex_column.av-lezfd2te-b7a914ba2eba2125af62a9549fa90c38{\nmargin-bottom:0;\n}\n.responsive #top #wrap_all .flex_column.av-lezfd2te-b7a914ba2eba2125af62a9549fa90c38{\nmargin-bottom:0;\n}\n}\n<\/style>\n<div class='flex_column av-lezfd2te-b7a914ba2eba2125af62a9549fa90c38 av_one_half  avia-builder-el-6  el_after_av_hr  el_before_av_one_half  first flex_column_div '     ><style type=\"text\/css\" data-created_by=\"avia_inline_auto\" id=\"style-css-av-lezf4zvk-a0efcdd1c80c06c1b0df483961da29d3\">\n#top .av_textblock_section.av-lezf4zvk-a0efcdd1c80c06c1b0df483961da29d3 .avia_textblock{\ncolor:#0003e9;\n}\n<\/style>\n<section  class='av_textblock_section av-lezf4zvk-a0efcdd1c80c06c1b0df483961da29d3'  itemscope=\"itemscope\" itemtype=\"https:\/\/schema.org\/BlogPosting\" itemprop=\"blogPost\" ><div class='avia_textblock av_inherit_color'  itemprop=\"text\" ><p><span style=\"color: #0003e9;\"><b>Between September 21 and 24, <\/b><b>Matadero Madrid organizes a new year of the festival, with the most innovative experimental projects in the fields of electronic sound creation, audiovisual creation, digital art and extended realities, both Spanish and international<\/b><\/span><\/p>\n<\/div><\/section><\/div>\n<style type=\"text\/css\" data-created_by=\"avia_inline_auto\" id=\"style-css-av-e86it2k-b92d0dcb5700339d360b46c94e95b09e\">\n#top .flex_column.av-e86it2k-b92d0dcb5700339d360b46c94e95b09e{\nmargin-top:0px;\nmargin-bottom:0px;\n}\n.flex_column.av-e86it2k-b92d0dcb5700339d360b46c94e95b09e{\npadding:50px 0 0 0;\n}\n.responsive #top #wrap_all .flex_column.av-e86it2k-b92d0dcb5700339d360b46c94e95b09e{\nmargin-top:0px;\nmargin-bottom:0px;\n}\n\n@media only screen and (min-width: 480px) and (max-width: 767px){ \n#top .flex_column.av-e86it2k-b92d0dcb5700339d360b46c94e95b09e{\nmargin-bottom:0;\n}\n.responsive #top #wrap_all .flex_column.av-e86it2k-b92d0dcb5700339d360b46c94e95b09e{\nmargin-bottom:0;\n}\n}\n\n@media only screen and (max-width: 479px){ \n#top .flex_column.av-e86it2k-b92d0dcb5700339d360b46c94e95b09e{\nmargin-bottom:0;\n}\n.responsive #top #wrap_all .flex_column.av-e86it2k-b92d0dcb5700339d360b46c94e95b09e{\nmargin-bottom:0;\n}\n}\n<\/style>\n<div class='flex_column av-e86it2k-b92d0dcb5700339d360b46c94e95b09e av_one_half  avia-builder-el-8  el_after_av_one_half  el_before_av_one_half  flex_column_div '     ><\/div><div class='flex_column_table av-ldz3eguf-a30693536a0c0ca129001996167af55e sc-av_one_half av-equal-height-column-flextable'>\n<style type=\"text\/css\" data-created_by=\"avia_inline_auto\" id=\"style-css-av-ldz3eguf-a30693536a0c0ca129001996167af55e\">\n#top .flex_column_table.av-equal-height-column-flextable.av-ldz3eguf-a30693536a0c0ca129001996167af55e{\nmargin-top:50px;\nmargin-bottom:50px;\n}\n<\/style>\n<div class='flex_column av-ldz3eguf-a30693536a0c0ca129001996167af55e av_one_half  avia-builder-el-9  el_after_av_one_half  el_before_av_one_half  first flex_column_table_cell av-equal-height-column av-align-top column-top-margin'     ><section  class='av_textblock_section av-ldz2l48x-015483be4519b65d2fc613a5026f61e9'  itemscope=\"itemscope\" itemtype=\"https:\/\/schema.org\/BlogPosting\" itemprop=\"blogPost\" ><div class='avia_textblock'  itemprop=\"text\" ><p><span style=\"color: #0003e9;\"> This line up of live shows and audiovisual performances includes 16 acts, with some true flagships and visionaries of the current scene: Oval, Katarina Gryvul &#038; Alex Guevara, Joakim, CORIN, Konx-om-Pax, LustSickPuppy, CoH &#038; Abul Mogard, NSDOS, Venus Ex Machina &#038; Xtrux, Lorem, Halina Rice, Zan Lyons, Beatrix Weapons ft Ruido.Frio, Riccardo Giovinetto, Roc\u00edo Guzm\u00e1n and Verbose <\/span><\/p>\n<\/div><\/section><\/div><div class='av-flex-placeholder'><\/div>\n<style type=\"text\/css\" data-created_by=\"avia_inline_auto\" id=\"style-css-av-3hf5sw6-e8cba92652207810c6dcf346e7943e2e\">\n#top .flex_column_table.av-equal-height-column-flextable.av-3hf5sw6-e8cba92652207810c6dcf346e7943e2e{\nmargin-top:0px;\nmargin-bottom:0px;\n}\n<\/style>\n<div class='flex_column av-3hf5sw6-e8cba92652207810c6dcf346e7943e2e av_one_half  avia-builder-el-11  el_after_av_one_half  el_before_av_one_full  flex_column_table_cell av-equal-height-column av-align-top column-top-margin'     ><section  class='av_textblock_section av-ldz2j66l-d22e4781e63f1358bdc15b211f448751'  itemscope=\"itemscope\" itemtype=\"https:\/\/schema.org\/BlogPosting\" itemprop=\"blogPost\" ><div class='avia_textblock'  itemprop=\"text\" ><p><span style=\"color: #0003e9;\">Live shows will take place on September Thursday 21, Friday 22 and Saturday 23 at Central de Dise\u00f1o (DIMAD), and Friday 22 and Saturday 23 at Auditorio de Casa del Lector<br \/>\n<\/span><\/p>\n<p><span style=\"color: #0003e9;\">Tickets available <a href=\"https:\/\/levfestival.com\/23-matadero\/en\/tickets\/\" style=\"color: #0003e9;\">here<\/a>.<\/span><\/p>\n<\/div><\/section><\/div><\/div><!--close column table wrapper. Autoclose: 1 --><div class='flex_column av-2ex8yx2-b2b69affec0bcbaf843c34b07cbbbee8 av_one_full  avia-builder-el-13  el_after_av_one_half  el_before_av_hr  first flex_column_div column-top-margin'     ><section  class='av_textblock_section av-ldsydavh-30f5cf4fc01c058214f580bc49cf1964'  itemscope=\"itemscope\" itemtype=\"https:\/\/schema.org\/BlogPosting\" itemprop=\"blogPost\" ><div class='avia_textblock'  itemprop=\"text\" ><p><strong>Matadero Madrid, center of contemporary creations belonging to Madrid City Council&#8217;s Department of Culture, presents L.E.V. Matadero<\/strong>&#8216;s <strong>fifth year<\/strong><b>.<\/b><\/p>\n<p><strong>The Festival of Visual Electronica and Extended Realities, organized by Matadero Madrid<\/strong> and curated by Datatron platform will take place between <strong>September 21 and 24 2023<\/strong>, in a collaboration with Cineteca Madrid ando Naves del Espa\u00f1ol en Matadero, with the participation of Casa del Lector, Central de Dise\u00f1o and MAD Madrid Artes Digitales.<\/p>\n<p>In 2023, the festival comes back to Madrid to bring us the newest experiences in the field of <strong>audiovisual experimentation<\/strong>. The event will take place in several spaces of Matadero throughout four days, and the attendees will be able to enjoy incredible <strong>sonic, visual and digital worlds<\/strong> created with cutting-edge technological tools by some of the most creative national and international minds of this artistic field.<\/p>\n<\/div><\/section><\/div>\n<style type=\"text\/css\" data-created_by=\"avia_inline_auto\" id=\"style-css-av-51d4sx2-0a167762aa96db50141a38eec25a81fa\">\n#top .hr.hr-invisible.av-51d4sx2-0a167762aa96db50141a38eec25a81fa{\nheight:50px;\n}\n<\/style>\n<div  class='hr av-51d4sx2-0a167762aa96db50141a38eec25a81fa hr-invisible  avia-builder-el-15  el_after_av_one_full  el_before_av_image '><span class='hr-inner '><span class=\"hr-inner-style\"><\/span><\/span><\/div>\n\n<style type=\"text\/css\" data-created_by=\"avia_inline_auto\" id=\"style-css-av-lezfqck5-9bbd9ac19c7222f63305cc6e2ac71396\">\n.avia-image-container.av-lezfqck5-9bbd9ac19c7222f63305cc6e2ac71396 img.avia_image{\nbox-shadow:none;\n}\n.avia-image-container.av-lezfqck5-9bbd9ac19c7222f63305cc6e2ac71396 .av-image-caption-overlay-center{\ncolor:#ffffff;\n}\n<\/style>\n<div  class='avia-image-container av-lezfqck5-9bbd9ac19c7222f63305cc6e2ac71396 av-styling- avia-align-center  avia-builder-el-16  el_after_av_hr  el_before_av_hr  full-img-news'   itemprop=\"image\" itemscope=\"itemscope\" itemtype=\"https:\/\/schema.org\/ImageObject\" ><div class=\"avia-image-container-inner\"><div class=\"avia-image-overlay-wrap\"><img decoding=\"async\" class='wp-image-37724 avia-img-lazy-loading-not-37724 avia_image ' src=\"https:\/\/levfestival.com\/wp-content\/uploads\/2023\/07\/Katarina-Gryvul-Alex-Guevara-CTM-Festival-2023.jpg\" alt='' title='Katarina Gryvul Alex Guevara CTM Festival 2023'  height=\"1281\" width=\"1920\"  itemprop=\"thumbnailUrl\" srcset=\"https:\/\/levfestival.com\/wp-content\/uploads\/2023\/07\/Katarina-Gryvul-Alex-Guevara-CTM-Festival-2023.jpg 1920w, https:\/\/levfestival.com\/wp-content\/uploads\/2023\/07\/Katarina-Gryvul-Alex-Guevara-CTM-Festival-2023-300x200.jpg 300w, https:\/\/levfestival.com\/wp-content\/uploads\/2023\/07\/Katarina-Gryvul-Alex-Guevara-CTM-Festival-2023-1030x687.jpg 1030w, https:\/\/levfestival.com\/wp-content\/uploads\/2023\/07\/Katarina-Gryvul-Alex-Guevara-CTM-Festival-2023-768x512.jpg 768w, https:\/\/levfestival.com\/wp-content\/uploads\/2023\/07\/Katarina-Gryvul-Alex-Guevara-CTM-Festival-2023-1536x1025.jpg 1536w, https:\/\/levfestival.com\/wp-content\/uploads\/2023\/07\/Katarina-Gryvul-Alex-Guevara-CTM-Festival-2023-1500x1001.jpg 1500w, https:\/\/levfestival.com\/wp-content\/uploads\/2023\/07\/Katarina-Gryvul-Alex-Guevara-CTM-Festival-2023-705x470.jpg 705w\" sizes=\"(max-width: 1920px) 100vw, 1920px\" \/><\/div><\/div><\/div>\n\n<style type=\"text\/css\" data-created_by=\"avia_inline_auto\" id=\"style-css-av-8vh80np-0937f1424a0893280ac155767ed4ba1c\">\n#top .hr.hr-invisible.av-8vh80np-0937f1424a0893280ac155767ed4ba1c{\nheight:50px;\n}\n<\/style>\n<div  class='hr av-8vh80np-0937f1424a0893280ac155767ed4ba1c hr-invisible  avia-builder-el-17  el_after_av_image  el_before_av_one_full '><span class='hr-inner '><span class=\"hr-inner-style\"><\/span><\/span><\/div>\n<div class='flex_column av-8hhaq8l-39c7e2795d6d468bbeec0b3e960433c0 av_one_full  avia-builder-el-18  el_after_av_hr  el_before_av_hr  first flex_column_div '     ><section  class='av_textblock_section av-lkj0wvhz-f53acc2eb5ef9cca0039b487f9c9add2'  itemscope=\"itemscope\" itemtype=\"https:\/\/schema.org\/BlogPosting\" itemprop=\"blogPost\" ><div class='avia_textblock'  itemprop=\"text\" ><p>This year, the <strong>line up of live shows and audiovisual performances<\/strong> will take place at <strong>Central de Dise\u00f1o (DIMAD) and Auditorio de Casa del Lector<\/strong>, where renowned experimental creators and new values of this field will showcase their groundbreaking and essential works. The line up of live shows offers a broad range of concepts and formats: undisputed visionaries of electronic music such as <strong>Oval<\/strong>; true explorers of new technologies, who generate their own creative devices, such as <strong>NSDOS, Kom-om-Pax, Verbose<\/strong>, or <strong>Zan Lyons<\/strong>; collaborations of artists who blend their works to reach new dimensions, such as <strong>Kataryna Gryvul &#038; Alex Guevara, CoH meets Abul Mogard<\/strong>, or <strong>Venus Ex Machina &#038; Xtrux<\/strong>; female creators who combine tradition, folklore or classical music with current sounds, such as <strong>CORIN<\/strong> or <strong>Roc\u00edo Guzm\u00e1n<\/strong>; unpredictable, powerful live shows by <strong>LustSickPuppy, Halina Rice,<\/strong> or <strong>Beatrix Weapons<\/strong>; projects with a strong presence of artificial intelligence in their creative process, by <strong>Lorem<\/strong> or <strong>Riccardo Giovinetto<\/strong>; and audiovisual explorations with a protest element, like the ones by <strong>Joakim<\/strong>, addressing current affairs such as the preservation of the environment.<\/p>\n<p>Besides the live shows, the <strong>extended reality<\/strong> experiences will be featuring L.E.V Matadero once more in the sections <strong>VORTEX<\/strong>, formed by virtual reality and VR Cinema experiences, and <strong>Ciudad Aumentada<\/strong>, with urban experiences of augmented reality. Plus <strong>audiovisual, immersive and performative installations<\/strong>, to be announced soon, which will complete the line up for its fifth year in Madrid.<\/p>\n<\/div><\/section><\/div>\n<style type=\"text\/css\" data-created_by=\"avia_inline_auto\" id=\"style-css-av-7x8ql9x-57fb9a4209f84b96042d985c2a7455dc\">\n#top .hr.hr-invisible.av-7x8ql9x-57fb9a4209f84b96042d985c2a7455dc{\nheight:50px;\n}\n<\/style>\n<div  class='hr av-7x8ql9x-57fb9a4209f84b96042d985c2a7455dc hr-invisible  avia-builder-el-20  el_after_av_one_full  el_before_av_textblock '><span class='hr-inner '><span class=\"hr-inner-style\"><\/span><\/span><\/div>\n<section  class='av_textblock_section av-lezfimzf-231d54d95075c3aee6b05b33ea63584e'  itemscope=\"itemscope\" itemtype=\"https:\/\/schema.org\/BlogPosting\" itemprop=\"blogPost\" ><div class='avia_textblock'  itemprop=\"text\" ><h1> Audiovisual performances at Auditorio de Casa del Lector: Oval, Riccardo Giovinetto, Venus Ex Machina &#038; Xtrux, Zan Lyons, Lorem<\/h1>\n<\/div><\/section>\n\n<style type=\"text\/css\" data-created_by=\"avia_inline_auto\" id=\"style-css-av-43uyqh2-d9ff84019f4a108a7500be66b1f8b804\">\n#top .hr.hr-invisible.av-43uyqh2-d9ff84019f4a108a7500be66b1f8b804{\nheight:20px;\n}\n<\/style>\n<div  class='hr av-43uyqh2-d9ff84019f4a108a7500be66b1f8b804 hr-invisible  avia-builder-el-22  el_after_av_textblock  el_before_av_textblock '><span class='hr-inner '><span class=\"hr-inner-style\"><\/span><\/span><\/div>\n<section  class='av_textblock_section av-ldsygc86-b918b54ecc21ebefb78cdd982eb6d9a9'  itemscope=\"itemscope\" itemtype=\"https:\/\/schema.org\/BlogPosting\" itemprop=\"blogPost\" ><div class='avia_textblock'  itemprop=\"text\" ><p>The opening act will be Markus Popp aka <strong>Oval<\/strong>, one of the most prolific and influential creative forces in the current electronic music scene. This visionary composer, who championed software intuition over his own role in music creation almost 30 years before the current trend of using AI in writing music, will bring us one of his extremely evocative live shows, with visuals by Robert Seidel, an outstanding Berlin-based artist.<\/p>\n<\/div><\/section>\n\n<style type=\"text\/css\" data-created_by=\"avia_inline_auto\" id=\"style-css-av-dq9fn4c-0c340483492398b06776b821da9c8d70\">\n#top .hr.hr-invisible.av-dq9fn4c-0c340483492398b06776b821da9c8d70{\nheight:20px;\n}\n<\/style>\n<div  class='hr av-dq9fn4c-0c340483492398b06776b821da9c8d70 hr-invisible  avia-builder-el-24  el_after_av_textblock  el_before_av_video '><span class='hr-inner '><span class=\"hr-inner-style\"><\/span><\/span><\/div>\n<div  class='avia-video av-ldsymcsi-48dccbfeddbd8056ea83b9374d53236d avia-video-16-9 av-no-preview-image avia-video-load-always av-lazyload-immediate av-lazyload-video-embed'  itemprop=\"video\" itemtype=\"https:\/\/schema.org\/VideoObject\"  data-original_url='https:\/\/youtu.be\/XLd3pXJAJbk'><script type='text\/html' class='av-video-tmpl'><div class='avia-iframe-wrap'><iframe loading=\"lazy\" title=\"Oval - &quot;Touha&quot; (official music video)\" width=\"1500\" height=\"844\" src=\"https:\/\/www.youtube.com\/embed\/XLd3pXJAJbk?feature=oembed&autoplay=0&loop=0&controls=1&mute=0\" frameborder=\"0\" allow=\"accelerometer; autoplay; clipboard-write; encrypted-media; gyroscope; picture-in-picture; web-share\" allowfullscreen><\/iframe><\/div><\/script><div class='av-click-to-play-overlay'><div class=\"avia_playpause_icon\"><\/div><\/div><\/div>\n\n<style type=\"text\/css\" data-created_by=\"avia_inline_auto\" id=\"style-css-av-3lsc8li-04624abe2d066da414468966b4ad2861\">\n#top .hr.hr-invisible.av-3lsc8li-04624abe2d066da414468966b4ad2861{\nheight:20px;\n}\n<\/style>\n<div  class='hr av-3lsc8li-04624abe2d066da414468966b4ad2861 hr-invisible  avia-builder-el-26  el_after_av_video  el_before_av_textblock '><span class='hr-inner '><span class=\"hr-inner-style\"><\/span><\/span><\/div>\n<section  class='av_textblock_section av-ldsyhj9g-10134f577465c3f6c66b769de2368c90'  itemscope=\"itemscope\" itemtype=\"https:\/\/schema.org\/BlogPosting\" itemprop=\"blogPost\" ><div class='avia_textblock'  itemprop=\"text\" ><p>The following act will be <em>FEMINA<\/em> by <strong>Riccardo Giovinetto<\/strong>, an audiovisual performance in two screens, where Renaissance paintings transform into a flux of constantly changing images. The sounds and images of this performance are reciprocally conditioned in this imaginary journey of an AI, which explores the idea of virtue and the gaze which defined that era, the painters&#8217; era, which focused mainly on the female figure.<\/p>\n<\/div><\/section>\n\n<style type=\"text\/css\" data-created_by=\"avia_inline_auto\" id=\"style-css-av-33pu11i-b528013b104164180f8ed36e022e0576\">\n#top .hr.hr-invisible.av-33pu11i-b528013b104164180f8ed36e022e0576{\nheight:20px;\n}\n<\/style>\n<div  class='hr av-33pu11i-b528013b104164180f8ed36e022e0576 hr-invisible  avia-builder-el-28  el_after_av_textblock  el_before_av_video '><span class='hr-inner '><span class=\"hr-inner-style\"><\/span><\/span><\/div>\n<div  class='avia-video av-lkj10ge5-14711d16205da3037f6f7153b58ade19 avia-video-16-9 av-no-preview-image avia-video-load-always av-lazyload-immediate av-lazyload-video-embed'  itemprop=\"video\" itemtype=\"https:\/\/schema.org\/VideoObject\"  data-original_url='https:\/\/vimeo.com\/804590092\/744b6d67b4'><script type='text\/html' class='av-video-tmpl'><div class='avia-iframe-wrap'><iframe loading=\"lazy\" title=\"F E M I N A\" src=\"https:\/\/player.vimeo.com\/video\/804590092?dnt=1&amp;app_id=122963&autoplay=0&loop=0&controls=1&muted=0\" width=\"1500\" height=\"844\" frameborder=\"0\" allow=\"autoplay; fullscreen; picture-in-picture\" allowfullscreen><\/iframe><\/div><\/script><div class='av-click-to-play-overlay'><div class=\"avia_playpause_icon\"><\/div><\/div><\/div>\n\n<style type=\"text\/css\" data-created_by=\"avia_inline_auto\" id=\"style-css-av-2lw76ee-18060d9c02c9910cc48f587ac25a4b2c\">\n#top .hr.hr-invisible.av-2lw76ee-18060d9c02c9910cc48f587ac25a4b2c{\nheight:20px;\n}\n<\/style>\n<div  class='hr av-2lw76ee-18060d9c02c9910cc48f587ac25a4b2c hr-invisible  avia-builder-el-30  el_after_av_video  el_before_av_textblock '><span class='hr-inner '><span class=\"hr-inner-style\"><\/span><\/span><\/div>\n<section  class='av_textblock_section av-lkj11pgz-3375fa61523a295c50835814f3fc95a2'  itemscope=\"itemscope\" itemtype=\"https:\/\/schema.org\/BlogPosting\" itemprop=\"blogPost\" ><div class='avia_textblock'  itemprop=\"text\" ><p>This section is closed with project <strong>Venus Ex Machina<\/strong> by English composer and producer Nontokozo F. Sihwa, whose otherworldly music is based on futurism, posthumanism and the phenomenology of radio communications, combined with the audiovisual work of the Taiwanese multimedia art lab <strong>Xtrux<\/strong>, specialized in 3D animation and club culture, colliding two creative universes from two very different areas of the planet, in a unique audiovisual live show specially curated by L.E.V. for this occasion.<\/p>\n<\/div><\/section>\n\n<style type=\"text\/css\" data-created_by=\"avia_inline_auto\" id=\"style-css-av-7ixx2hh-bf0e62ea9e12946dfd10b783f39b01f4\">\n#top .hr.hr-invisible.av-7ixx2hh-bf0e62ea9e12946dfd10b783f39b01f4{\nheight:20px;\n}\n<\/style>\n<div  class='hr av-7ixx2hh-bf0e62ea9e12946dfd10b783f39b01f4 hr-invisible  avia-builder-el-32  el_after_av_textblock  el_before_av_image '><span class='hr-inner '><span class=\"hr-inner-style\"><\/span><\/span><\/div>\n\n<style type=\"text\/css\" data-created_by=\"avia_inline_auto\" id=\"style-css-av-lkj16giy-9963a386545860ce2229204b544a111c\">\n.avia-image-container.av-lkj16giy-9963a386545860ce2229204b544a111c img.avia_image{\nbox-shadow:none;\n}\n.avia-image-container.av-lkj16giy-9963a386545860ce2229204b544a111c .av-image-caption-overlay-center{\ncolor:#ffffff;\n}\n<\/style>\n<div  class='avia-image-container av-lkj16giy-9963a386545860ce2229204b544a111c av-styling- avia-align-center  avia-builder-el-33  el_after_av_hr  el_before_av_hr  full-img-news'   itemprop=\"image\" itemscope=\"itemscope\" itemtype=\"https:\/\/schema.org\/ImageObject\" ><div class=\"avia-image-container-inner\"><div class=\"avia-image-overlay-wrap\"><img decoding=\"async\" class='wp-image-37730 avia-img-lazy-loading-not-37730 avia_image ' src=\"https:\/\/levfestival.com\/wp-content\/uploads\/2023\/07\/22-2-scaled.jpg\" alt='' title='22-2'  height=\"1707\" width=\"2560\"  itemprop=\"thumbnailUrl\" srcset=\"https:\/\/levfestival.com\/wp-content\/uploads\/2023\/07\/22-2-scaled.jpg 2560w, https:\/\/levfestival.com\/wp-content\/uploads\/2023\/07\/22-2-300x200.jpg 300w, https:\/\/levfestival.com\/wp-content\/uploads\/2023\/07\/22-2-1030x687.jpg 1030w, https:\/\/levfestival.com\/wp-content\/uploads\/2023\/07\/22-2-768x512.jpg 768w, https:\/\/levfestival.com\/wp-content\/uploads\/2023\/07\/22-2-1536x1024.jpg 1536w, https:\/\/levfestival.com\/wp-content\/uploads\/2023\/07\/22-2-2048x1365.jpg 2048w, https:\/\/levfestival.com\/wp-content\/uploads\/2023\/07\/22-2-1500x1000.jpg 1500w, https:\/\/levfestival.com\/wp-content\/uploads\/2023\/07\/22-2-705x470.jpg 705w\" sizes=\"(max-width: 2560px) 100vw, 2560px\" \/><\/div><\/div><\/div>\n\n<style type=\"text\/css\" data-created_by=\"avia_inline_auto\" id=\"style-css-av-733yt2t-5ae71f76c407a4a6f5aeca5c44309712\">\n#top .hr.hr-invisible.av-733yt2t-5ae71f76c407a4a6f5aeca5c44309712{\nheight:50px;\n}\n<\/style>\n<div  class='hr av-733yt2t-5ae71f76c407a4a6f5aeca5c44309712 hr-invisible  avia-builder-el-34  el_after_av_image  el_before_av_textblock '><span class='hr-inner '><span class=\"hr-inner-style\"><\/span><\/span><\/div>\n<section  class='av_textblock_section av-lkj191by-a12381a85b322005304b94f1df7062f6'  itemscope=\"itemscope\" itemtype=\"https:\/\/schema.org\/BlogPosting\" itemprop=\"blogPost\" ><div class='avia_textblock'  itemprop=\"text\" ><p>On <strong>Saturday September 23<\/strong>, there will be <strong>two live shows<\/strong> (afternoon and evening) with the audiovisual work of Zan Lyons and Lorem. The amazing shows of violinist, producer and filmmaker <strong>Zan Lyons<\/strong> have been critically acclaimed around the world. His new project, to be showcased in the festival, explores a new multi-sensorial concept named by his creator as <em>Interactive Visual Audio<\/em>, a combination of music, video games and films. With a Playstation gamepad, a mysterious character on the screen and the visual effects are manipulated in real time, while the abrasive sound design follows them in perfect synchronicity.<\/p>\n<\/div><\/section>\n\n<style type=\"text\/css\" data-created_by=\"avia_inline_auto\" id=\"style-css-av-6oq649h-e6d952746c4f3716a2d0e2ea2b6b6e3b\">\n#top .hr.hr-invisible.av-6oq649h-e6d952746c4f3716a2d0e2ea2b6b6e3b{\nheight:50px;\n}\n<\/style>\n<div  class='hr av-6oq649h-e6d952746c4f3716a2d0e2ea2b6b6e3b hr-invisible  avia-builder-el-36  el_after_av_textblock  el_before_av_video '><span class='hr-inner '><span class=\"hr-inner-style\"><\/span><\/span><\/div>\n<div  class='avia-video av-lkj1ahue-e8068ad46d484692731687e0448b779e avia-video-16-9 av-no-preview-image avia-video-load-always av-lazyload-immediate av-lazyload-video-embed'  itemprop=\"video\" itemtype=\"https:\/\/schema.org\/VideoObject\"  data-original_url='https:\/\/youtu.be\/j2UKK-CwgTA'><script type='text\/html' class='av-video-tmpl'><div class='avia-iframe-wrap'><iframe loading=\"lazy\" title=\"Zan Lyons - Terminal\" width=\"1500\" height=\"844\" src=\"https:\/\/www.youtube.com\/embed\/j2UKK-CwgTA?feature=oembed&autoplay=0&loop=0&controls=1&mute=0\" frameborder=\"0\" allow=\"accelerometer; autoplay; clipboard-write; encrypted-media; gyroscope; picture-in-picture; web-share\" allowfullscreen><\/iframe><\/div><\/script><div class='av-click-to-play-overlay'><div class=\"avia_playpause_icon\"><\/div><\/div><\/div>\n\n<style type=\"text\/css\" data-created_by=\"avia_inline_auto\" id=\"style-css-av-mtca45-b5de44aa871f79418459755865bb95c9\">\n#top .hr.hr-invisible.av-mtca45-b5de44aa871f79418459755865bb95c9{\nheight:50px;\n}\n<\/style>\n<div  class='hr av-mtca45-b5de44aa871f79418459755865bb95c9 hr-invisible  avia-builder-el-38  el_after_av_video  el_before_av_textblock '><span class='hr-inner '><span class=\"hr-inner-style\"><\/span><\/span><\/div>\n<section  class='av_textblock_section av-lkj1a95f-8d68b3cbdc76acbcedddc06b6f963580'  itemscope=\"itemscope\" itemtype=\"https:\/\/schema.org\/BlogPosting\" itemprop=\"blogPost\" ><div class='avia_textblock'  itemprop=\"text\" ><p>Afterwards, <strong>Lorem<\/strong>, a project directed by Francesco D&#8217;Abbraccio, creative co-director of Krisis Publishing, will showcase their new audiovisual performance <em>Tesh<\/em>, based on a daring script combining dream transcriptions and strange literature created with systems of automatic learning. A hymn to imagination as a way to escape from realism, something that hampers our language and how we experience the world.<\/p>\n<\/div><\/section>\n\n<style type=\"text\/css\" data-created_by=\"avia_inline_auto\" id=\"style-css-av-5yii2fp-3a5339e0208f3b4ae1c094508361b8f5\">\n#top .hr.hr-invisible.av-5yii2fp-3a5339e0208f3b4ae1c094508361b8f5{\nheight:50px;\n}\n<\/style>\n<div  class='hr av-5yii2fp-3a5339e0208f3b4ae1c094508361b8f5 hr-invisible  avia-builder-el-40  el_after_av_textblock  el_before_av_video '><span class='hr-inner '><span class=\"hr-inner-style\"><\/span><\/span><\/div>\n<div  class='avia-video av-lkj1bc2f-71a4173ce16239364d8673c6b65dea10 avia-video-16-9 av-no-preview-image avia-video-load-always av-lazyload-immediate av-lazyload-video-embed'  itemprop=\"video\" itemtype=\"https:\/\/schema.org\/VideoObject\"  data-original_url='https:\/\/youtu.be\/MAoghlDyas4'><script type='text\/html' class='av-video-tmpl'><div class='avia-iframe-wrap'><iframe loading=\"lazy\" title=\"DISTRUST EVERYTHING | TEASER\" width=\"1500\" height=\"844\" src=\"https:\/\/www.youtube.com\/embed\/MAoghlDyas4?feature=oembed&autoplay=0&loop=0&controls=1&mute=0\" frameborder=\"0\" allow=\"accelerometer; autoplay; clipboard-write; encrypted-media; gyroscope; picture-in-picture; web-share\" allowfullscreen><\/iframe><\/div><\/script><div class='av-click-to-play-overlay'><div class=\"avia_playpause_icon\"><\/div><\/div><\/div>\n\n<style type=\"text\/css\" data-created_by=\"avia_inline_auto\" id=\"style-css-av-53xnkwl-2c9d987479701f97a9cf6f7e4f9ef8ee\">\n#top .hr.hr-invisible.av-53xnkwl-2c9d987479701f97a9cf6f7e4f9ef8ee{\nheight:50px;\n}\n<\/style>\n<div  class='hr av-53xnkwl-2c9d987479701f97a9cf6f7e4f9ef8ee hr-invisible  avia-builder-el-42  el_after_av_video  el_before_av_textblock '><span class='hr-inner '><span class=\"hr-inner-style\"><\/span><\/span><\/div>\n<section  class='av_textblock_section av-lezg8usj-1ac5408cd73076f439c15b0727a4ac33'  itemscope=\"itemscope\" itemtype=\"https:\/\/schema.org\/BlogPosting\" itemprop=\"blogPost\" ><div class='avia_textblock'  itemprop=\"text\" ><h1> Live shows and audiovisual performances at Central de Dise\u00f1o: Roc\u00edo Guzm\u00e1n, Kataryna Gryvul &#038; Alex Guevara, NSDOS, CoH meets Abul Mogard, Joakim, Konx-om-Pax, Beatrix Weapons ft. Ruido.frio, Verbose, CORIN, Halina Rice, LustSickPuppy<\/h1>\n<\/div><\/section>\n\n<style type=\"text\/css\" data-created_by=\"avia_inline_auto\" id=\"style-css-av-1hsjaqu-32480f449a42451fd1332d99f51c2af5\">\n#top .hr.hr-invisible.av-1hsjaqu-32480f449a42451fd1332d99f51c2af5{\nheight:20px;\n}\n<\/style>\n<div  class='hr av-1hsjaqu-32480f449a42451fd1332d99f51c2af5 hr-invisible  avia-builder-el-44  el_after_av_textblock  el_before_av_textblock '><span class='hr-inner '><span class=\"hr-inner-style\"><\/span><\/span><\/div>\n<section  class='av_textblock_section av-ldsynqpd-bc76b97e5d6758c682c2cca616395e67'  itemscope=\"itemscope\" itemtype=\"https:\/\/schema.org\/BlogPosting\" itemprop=\"blogPost\" ><div class='avia_textblock'  itemprop=\"text\" ><p>On <strong>Thursday September 21, Central de Dise\u00f1o (DIMAD) at Matadero<\/strong> will host a session of three live shows, starting with SONADA by <strong>Roc\u00edo Guzm\u00e1n<\/strong>.<br \/>\nThe first self-published album by this artist from Ja\u00e9n invites us to imagine an Andalucian folklore made by machines. Popular songs for robots and drones, combining rumba, electronica, lyrical singing, continuous music, flamenco y science-fiction soundscapes.<\/p>\n<\/div><\/section>\n\n<style type=\"text\/css\" data-created_by=\"avia_inline_auto\" id=\"style-css-av-ldsyo2dl-4e8f8375d22a1a5c2b1e37ef3df10b60\">\n#top .hr.hr-invisible.av-ldsyo2dl-4e8f8375d22a1a5c2b1e37ef3df10b60{\nheight:20px;\n}\n<\/style>\n<div  class='hr av-ldsyo2dl-4e8f8375d22a1a5c2b1e37ef3df10b60 hr-invisible  avia-builder-el-46  el_after_av_textblock  el_before_av_video '><span class='hr-inner '><span class=\"hr-inner-style\"><\/span><\/span><\/div>\n<div  class='avia-video av-lkj1dn0z-64bbb92b417a4b76f4faa5b8c2b903c6 avia-video-16-9 av-no-preview-image avia-video-load-always av-lazyload-immediate av-lazyload-video-embed'  itemprop=\"video\" itemtype=\"https:\/\/schema.org\/VideoObject\"  data-original_url='https:\/\/youtu.be\/qE2yVg6jmbs'><script type='text\/html' class='av-video-tmpl'><div class='avia-iframe-wrap'><iframe loading=\"lazy\" title=\"CHANDAL   ROC\u00cdO GUZM\u00c1N\" width=\"1500\" height=\"844\" src=\"https:\/\/www.youtube.com\/embed\/qE2yVg6jmbs?feature=oembed&autoplay=0&loop=0&controls=1&mute=0\" frameborder=\"0\" allow=\"accelerometer; autoplay; clipboard-write; encrypted-media; gyroscope; picture-in-picture; web-share\" allowfullscreen><\/iframe><\/div><\/script><div class='av-click-to-play-overlay'><div class=\"avia_playpause_icon\"><\/div><\/div><\/div>\n\n<style type=\"text\/css\" data-created_by=\"avia_inline_auto\" id=\"style-css-av-lezi06of-65fd033879576ba1c55cc6d1898b952c\">\n#top .hr.hr-invisible.av-lezi06of-65fd033879576ba1c55cc6d1898b952c{\nheight:20px;\n}\n<\/style>\n<div  class='hr av-lezi06of-65fd033879576ba1c55cc6d1898b952c hr-invisible  avia-builder-el-48  el_after_av_video  el_before_av_textblock '><span class='hr-inner '><span class=\"hr-inner-style\"><\/span><\/span><\/div>\n<section  class='av_textblock_section av-lezfygo7-378385319d2af578a252277e6d444d2e'  itemscope=\"itemscope\" itemtype=\"https:\/\/schema.org\/BlogPosting\" itemprop=\"blogPost\" ><div class='avia_textblock'  itemprop=\"text\" ><p>Afterwards, Ukrainian composer and sound artist <strong>Katarina Gryvul<\/strong>, whose work combines classical organic sounds and ambient electronic music, and Peruvian digital artist <strong>Alex Guevara<\/strong> will bring us a collaborative performance full of catharsis and emotional freedom.<br \/>\nAn immersive, intense experience of distorted visuals and a fragmented, chaotic nature, including recordings of Katarina&#8217;s anxious breathing during the first panic attacks she suffered when Russia invaded Ukraine.<\/p>\n<\/div><\/section>\n\n<style type=\"text\/css\" data-created_by=\"avia_inline_auto\" id=\"style-css-av-d14grm4-20f3cd6cf54db26ef3b68fd8aafcdc0f\">\n#top .hr.hr-invisible.av-d14grm4-20f3cd6cf54db26ef3b68fd8aafcdc0f{\nheight:20px;\n}\n<\/style>\n<div  class='hr av-d14grm4-20f3cd6cf54db26ef3b68fd8aafcdc0f hr-invisible  avia-builder-el-50  el_after_av_textblock  el_before_av_video '><span class='hr-inner '><span class=\"hr-inner-style\"><\/span><\/span><\/div>\n<div  class='avia-video av-lezfyz73-6883b557775e4f82ca45cb86ccfc801b avia-video-16-9 av-no-preview-image avia-video-load-always av-lazyload-immediate av-lazyload-video-embed'  itemprop=\"video\" itemtype=\"https:\/\/schema.org\/VideoObject\"  data-original_url='https:\/\/vimeo.com\/833833280'><script type='text\/html' class='av-video-tmpl'><div class='avia-iframe-wrap'><iframe loading=\"lazy\" title=\"Katarina Gryvul x Alex Guevara &#039;Rybachka&#039;\" src=\"https:\/\/player.vimeo.com\/video\/833833280?dnt=1&amp;app_id=122963&autoplay=0&loop=0&controls=1&muted=0\" width=\"1500\" height=\"844\" frameborder=\"0\" allow=\"autoplay; fullscreen; picture-in-picture\" allowfullscreen><\/iframe><\/div><\/script><div class='av-click-to-play-overlay'><div class=\"avia_playpause_icon\"><\/div><\/div><\/div>\n\n<style type=\"text\/css\" data-created_by=\"avia_inline_auto\" id=\"style-css-av-cnfhuq4-5d42e090944b9ebd235719ba6699670a\">\n#top .hr.hr-invisible.av-cnfhuq4-5d42e090944b9ebd235719ba6699670a{\nheight:20px;\n}\n<\/style>\n<div  class='hr av-cnfhuq4-5d42e090944b9ebd235719ba6699670a hr-invisible  avia-builder-el-52  el_after_av_video  el_before_av_textblock '><span class='hr-inner '><span class=\"hr-inner-style\"><\/span><\/span><\/div>\n<section  class='av_textblock_section av-lezg0aj5-9099a71e8865adafc66445b2690e390a'  itemscope=\"itemscope\" itemtype=\"https:\/\/schema.org\/BlogPosting\" itemprop=\"blogPost\" ><div class='avia_textblock'  itemprop=\"text\" ><p>His alternative gaze and the way he reinterprets technological tools has turned French artist <strong>NSDOS<\/strong> in one of the most important techno-hackers of his generation. He has not used conventional technological tools or software to create this project, as he prefers to develop his own devices: from futuristic instruments created with old audio converters, to Gameboy emulators or metal parts assembled into surrealistic machines. At L.E.V. Matadero he will showcase an interactive, audiovisual show of augmented dance and music, with spacey, immersive sounds.<\/p>\n<\/div><\/section>\n\n<style type=\"text\/css\" data-created_by=\"avia_inline_auto\" id=\"style-css-av-lezi33wa-52c30b6b2335fe248b66a5cd71162999\">\n#top .hr.hr-invisible.av-lezi33wa-52c30b6b2335fe248b66a5cd71162999{\nheight:20px;\n}\n<\/style>\n<div  class='hr av-lezi33wa-52c30b6b2335fe248b66a5cd71162999 hr-invisible  avia-builder-el-54  el_after_av_textblock  el_before_av_video '><span class='hr-inner '><span class=\"hr-inner-style\"><\/span><\/span><\/div>\n<div  class='avia-video av-lftfxkk1-dbf5db8f1470a0e50d00146d636809d6 avia-video-16-9 av-no-preview-image avia-video-load-always av-lazyload-immediate av-lazyload-video-embed'  itemprop=\"video\" itemtype=\"https:\/\/schema.org\/VideoObject\"  data-original_url='https:\/\/youtu.be\/Ys-b-iDRsr8'><script type='text\/html' class='av-video-tmpl'><div class='avia-iframe-wrap'><iframe loading=\"lazy\" title=\"i-N Session x Versace Jeans Couture: NSDOS\" width=\"1500\" height=\"844\" src=\"https:\/\/www.youtube.com\/embed\/Ys-b-iDRsr8?feature=oembed&autoplay=0&loop=0&controls=1&mute=0\" frameborder=\"0\" allow=\"accelerometer; autoplay; clipboard-write; encrypted-media; gyroscope; picture-in-picture; web-share\" allowfullscreen><\/iframe><\/div><\/script><div class='av-click-to-play-overlay'><div class=\"avia_playpause_icon\"><\/div><\/div><\/div>\n\n<style type=\"text\/css\" data-created_by=\"avia_inline_auto\" id=\"style-css-av-lezi3er6-b4bc2d70b63cc8a29d9025f8d31f5387\">\n#top .hr.hr-invisible.av-lezi3er6-b4bc2d70b63cc8a29d9025f8d31f5387{\nheight:20px;\n}\n<\/style>\n<div  class='hr av-lezi3er6-b4bc2d70b63cc8a29d9025f8d31f5387 hr-invisible  avia-builder-el-56  el_after_av_video  el_before_av_textblock '><span class='hr-inner '><span class=\"hr-inner-style\"><\/span><\/span><\/div>\n<section  class='av_textblock_section av-lezgaj8k-ca1fa52c498f82096bbb96691d172927'  itemscope=\"itemscope\" itemtype=\"https:\/\/schema.org\/BlogPosting\" itemprop=\"blogPost\" ><div class='avia_textblock'  itemprop=\"text\" ><p>On <strong>Friday September 22<\/strong>, legendary electronic visionaries <strong>CoH<\/strong> (Ivan Pavlov) and <strong>Abul Mogard<\/strong> (Guido Zen) will arrive at Central de Dise\u00f1o with a supernatural alchemy of subtle analogical stuff and digital energies taken from their amazing debut for Houndstooth. This first collaboration of the two artists, born out of a casual encounter in a festival in Slovenia in 2019, is focused on new and surprising perspectives of their individual works, wildly singular and highly revered.<\/p>\n<\/div><\/section>\n\n<style type=\"text\/css\" data-created_by=\"avia_inline_auto\" id=\"style-css-av-bp7hkmk-8cb4ba13003687c24059e4fd9485fccd\">\n#top .hr.hr-invisible.av-bp7hkmk-8cb4ba13003687c24059e4fd9485fccd{\nheight:20px;\n}\n<\/style>\n<div  class='hr av-bp7hkmk-8cb4ba13003687c24059e4fd9485fccd hr-invisible  avia-builder-el-58  el_after_av_textblock  el_before_av_video '><span class='hr-inner '><span class=\"hr-inner-style\"><\/span><\/span><\/div>\n<div  class='avia-video av-lkj1g774-0897485cc85d98ca43199125ebfda732 avia-video-16-9 av-no-preview-image avia-video-load-always av-lazyload-immediate av-lazyload-video-embed'  itemprop=\"video\" itemtype=\"https:\/\/schema.org\/VideoObject\"  data-original_url='https:\/\/youtu.be\/eNIY0PxWOLg'><script type='text\/html' class='av-video-tmpl'><div class='avia-iframe-wrap'><iframe loading=\"lazy\" title=\"COH meets Abul Mogard - Find and Hold [Houndstooth]\" width=\"1333\" height=\"1000\" src=\"https:\/\/www.youtube.com\/embed\/eNIY0PxWOLg?feature=oembed&autoplay=0&loop=0&controls=1&mute=0\" frameborder=\"0\" allow=\"accelerometer; autoplay; clipboard-write; encrypted-media; gyroscope; picture-in-picture; web-share\" allowfullscreen><\/iframe><\/div><\/script><div class='av-click-to-play-overlay'><div class=\"avia_playpause_icon\"><\/div><\/div><\/div>\n\n<style type=\"text\/css\" data-created_by=\"avia_inline_auto\" id=\"style-css-av-4t3sxzp-6f56fa6f657355b47603484103c703c3\">\n#top .hr.hr-invisible.av-4t3sxzp-6f56fa6f657355b47603484103c703c3{\nheight:20px;\n}\n<\/style>\n<div  class='hr av-4t3sxzp-6f56fa6f657355b47603484103c703c3 hr-invisible  avia-builder-el-60  el_after_av_video  el_before_av_textblock '><span class='hr-inner '><span class=\"hr-inner-style\"><\/span><\/span><\/div>\n<section  class='av_textblock_section av-lkj1h5gr-1ac73a333d5ee434c935c832bbee6d34'  itemscope=\"itemscope\" itemtype=\"https:\/\/schema.org\/BlogPosting\" itemprop=\"blogPost\" ><div class='avia_textblock'  itemprop=\"text\" ><p>Parisian artist <strong>Joakim<\/strong> will be the next act of the day. A psychedelic journey in a modern Noah&#8217;s ark with <em>Second Nature<\/em>, an audiovisual performance combining a 3D soundscape, multiple videos, smells and lots of greenery, blurring the line between natural and artificial, to makes us reflect on our relationship with nature in this era of big environmental challenges.<\/p>\n<\/div><\/section>\n\n<style type=\"text\/css\" data-created_by=\"avia_inline_auto\" id=\"style-css-av-4jc46yd-c0139aea4d1242b8cd66c688fd5e88b8\">\n#top .hr.hr-invisible.av-4jc46yd-c0139aea4d1242b8cd66c688fd5e88b8{\nheight:20px;\n}\n<\/style>\n<div  class='hr av-4jc46yd-c0139aea4d1242b8cd66c688fd5e88b8 hr-invisible  avia-builder-el-62  el_after_av_textblock  el_before_av_video '><span class='hr-inner '><span class=\"hr-inner-style\"><\/span><\/span><\/div>\n<div  class='avia-video av-lkj1hj2x-502a01d3e23a1b09035f2ddf5b875e4b avia-video-16-9 av-no-preview-image avia-video-load-always av-lazyload-immediate av-lazyload-video-embed'  itemprop=\"video\" itemtype=\"https:\/\/schema.org\/VideoObject\"  data-original_url='https:\/\/youtu.be\/LA_B37FCgAc'><script type='text\/html' class='av-video-tmpl'><div class='avia-iframe-wrap'><iframe loading=\"lazy\" title=\"Joakim - Indri Eyes (official video)\" width=\"1500\" height=\"844\" src=\"https:\/\/www.youtube.com\/embed\/LA_B37FCgAc?feature=oembed&autoplay=0&loop=0&controls=1&mute=0\" frameborder=\"0\" allow=\"accelerometer; autoplay; clipboard-write; encrypted-media; gyroscope; picture-in-picture; web-share\" allowfullscreen><\/iframe><\/div><\/script><div class='av-click-to-play-overlay'><div class=\"avia_playpause_icon\"><\/div><\/div><\/div>\n\n<style type=\"text\/css\" data-created_by=\"avia_inline_auto\" id=\"style-css-av-3xg2unp-d2ae0583ba526b695c2ced6109e0fa5b\">\n#top .hr.hr-invisible.av-3xg2unp-d2ae0583ba526b695c2ced6109e0fa5b{\nheight:20px;\n}\n<\/style>\n<div  class='hr av-3xg2unp-d2ae0583ba526b695c2ced6109e0fa5b hr-invisible  avia-builder-el-64  el_after_av_video  el_before_av_textblock '><span class='hr-inner '><span class=\"hr-inner-style\"><\/span><\/span><\/div>\n<section  class='av_textblock_section av-lkj1i8y9-b480a2416115a03e5e815e79c2dfd746'  itemscope=\"itemscope\" itemtype=\"https:\/\/schema.org\/BlogPosting\" itemprop=\"blogPost\" ><div class='avia_textblock'  itemprop=\"text\" ><p>Scottish artist <strong>Konx-om-Pax<\/strong>, especially interested in researching the processes of modular synthesis and generative art, develops systems to fuse music and visual arts, which has been the key element in his works in the last years. This session will be focused on the last issue of his project <em>System Works AV<\/em>, especially for the ones who enjoy totally immersive experiences.<\/p>\n<\/div><\/section>\n\n<style type=\"text\/css\" data-created_by=\"avia_inline_auto\" id=\"style-css-av-3iqws6t-08d02ef5e6cb1552b556c5c44c03b8f7\">\n#top .hr.hr-invisible.av-3iqws6t-08d02ef5e6cb1552b556c5c44c03b8f7{\nheight:20px;\n}\n<\/style>\n<div  class='hr av-3iqws6t-08d02ef5e6cb1552b556c5c44c03b8f7 hr-invisible  avia-builder-el-66  el_after_av_textblock  el_before_av_video '><span class='hr-inner '><span class=\"hr-inner-style\"><\/span><\/span><\/div>\n<div  class='avia-video av-lkj1iq2n-c8215979e567ebadf088375365cf21cd avia-video-16-9 av-no-preview-image avia-video-load-always av-lazyload-immediate av-lazyload-video-embed'  itemprop=\"video\" itemtype=\"https:\/\/schema.org\/VideoObject\"  data-original_url='https:\/\/youtu.be\/_c21uOnWuVQ'><script type='text\/html' class='av-video-tmpl'><div class='avia-iframe-wrap'><iframe loading=\"lazy\" title=\"Konx-om-Pax - System Works 005 - A (Display Copy)\" width=\"1500\" height=\"844\" src=\"https:\/\/www.youtube.com\/embed\/_c21uOnWuVQ?feature=oembed&autoplay=0&loop=0&controls=1&mute=0\" frameborder=\"0\" allow=\"accelerometer; autoplay; clipboard-write; encrypted-media; gyroscope; picture-in-picture; web-share\" allowfullscreen><\/iframe><\/div><\/script><div class='av-click-to-play-overlay'><div class=\"avia_playpause_icon\"><\/div><\/div><\/div>\n\n<style type=\"text\/css\" data-created_by=\"avia_inline_auto\" id=\"style-css-av-askahh-461cb814fc7253e8d127f1082ef56045\">\n#top .hr.hr-invisible.av-askahh-461cb814fc7253e8d127f1082ef56045{\nheight:20px;\n}\n<\/style>\n<div  class='hr av-askahh-461cb814fc7253e8d127f1082ef56045 hr-invisible  avia-builder-el-68  el_after_av_video  el_before_av_textblock '><span class='hr-inner '><span class=\"hr-inner-style\"><\/span><\/span><\/div>\n<section  class='av_textblock_section av-lkj1jh2j-5274ffefd090d38551f739bee4db4b8f'  itemscope=\"itemscope\" itemtype=\"https:\/\/schema.org\/BlogPosting\" itemprop=\"blogPost\" ><div class='avia_textblock'  itemprop=\"text\" ><p>The last artist to play on <strong>Friday 22<\/strong> will be <strong>Beatrix Weapons<\/strong>, one of the riskiest names in the avant-garde music circuit in Spain. With her universe of deconstructed IDM and digital frequencies, this multidisciplinary and disruptive project searches for a celestial vision by distorting darkness. Her contribution to the festival is an audiovisual performance, in collaboration with 3d artist <strong>Ruido.Frio.<\/strong><\/p>\n<\/div><\/section>\n\n<style type=\"text\/css\" data-created_by=\"avia_inline_auto\" id=\"style-css-av-2d35vcl-2e68c99f0c0f0b38ed30807772a63a78\">\n#top .hr.hr-invisible.av-2d35vcl-2e68c99f0c0f0b38ed30807772a63a78{\nheight:20px;\n}\n<\/style>\n<div  class='hr av-2d35vcl-2e68c99f0c0f0b38ed30807772a63a78 hr-invisible  avia-builder-el-70  el_after_av_textblock  el_before_av_video '><span class='hr-inner '><span class=\"hr-inner-style\"><\/span><\/span><\/div>\n<div  class='avia-video av-lkj1k2ug-0188d524bb91ab8ac2651ad2c533515b avia-video-16-9 av-no-preview-image avia-video-load-always av-lazyload-immediate av-lazyload-video-embed'  itemprop=\"video\" itemtype=\"https:\/\/schema.org\/VideoObject\"  data-original_url='https:\/\/youtu.be\/Z-pTirIy00E'><script type='text\/html' class='av-video-tmpl'><div class='avia-iframe-wrap'><iframe loading=\"lazy\" title=\"Beatrix Weapons - Skylands\" width=\"1500\" height=\"844\" src=\"https:\/\/www.youtube.com\/embed\/Z-pTirIy00E?feature=oembed&autoplay=0&loop=0&controls=1&mute=0\" frameborder=\"0\" allow=\"accelerometer; autoplay; clipboard-write; encrypted-media; gyroscope; picture-in-picture; web-share\" allowfullscreen><\/iframe><\/div><\/script><div class='av-click-to-play-overlay'><div class=\"avia_playpause_icon\"><\/div><\/div><\/div>\n\n<style type=\"text\/css\" data-created_by=\"avia_inline_auto\" id=\"style-css-av-78bis5-7e526df92312924bbcb9ca11272c1563\">\n#top .hr.hr-invisible.av-78bis5-7e526df92312924bbcb9ca11272c1563{\nheight:20px;\n}\n<\/style>\n<div  class='hr av-78bis5-7e526df92312924bbcb9ca11272c1563 hr-invisible  avia-builder-el-72  el_after_av_video  el_before_av_textblock '><span class='hr-inner '><span class=\"hr-inner-style\"><\/span><\/span><\/div>\n<section  class='av_textblock_section av-lkj1l4mp-73135f3d8460c992adaec09d9160b6d9'  itemscope=\"itemscope\" itemtype=\"https:\/\/schema.org\/BlogPosting\" itemprop=\"blogPost\" ><div class='avia_textblock'  itemprop=\"text\" ><p>On Saturday September 23, the last session of live shows at Central de Dise\u00f1o will be featuring <em>C\u00fdra<\/em>, a project to materialize experientially the track record of <strong>Verbose<\/strong>, the alias of Carlos Bravo, a Madrid-based artist from Galicia. An audiovisual performance audiovisual born out of the artist&#8217;s experiments with electromagnetic field recordings and the pixel mapping technique, using his own home-made lighting system, before and during his staying at Matadero&#8217;s Artistic Residencies Center in 2022.<\/p>\n<\/div><\/section>\n\n<style type=\"text\/css\" data-created_by=\"avia_inline_auto\" id=\"style-css-av-1gkjdpx-eeac1e695868de47e1a68b27db586b34\">\n#top .hr.hr-invisible.av-1gkjdpx-eeac1e695868de47e1a68b27db586b34{\nheight:20px;\n}\n<\/style>\n<div  class='hr av-1gkjdpx-eeac1e695868de47e1a68b27db586b34 hr-invisible  avia-builder-el-74  el_after_av_textblock  el_before_av_image '><span class='hr-inner '><span class=\"hr-inner-style\"><\/span><\/span><\/div>\n\n<style type=\"text\/css\" data-created_by=\"avia_inline_auto\" id=\"style-css-av-lkjfugj4-20cde9c743aa2d7b4d77647bc9afe071\">\n.avia-image-container.av-lkjfugj4-20cde9c743aa2d7b4d77647bc9afe071 img.avia_image{\nbox-shadow:none;\n}\n.avia-image-container.av-lkjfugj4-20cde9c743aa2d7b4d77647bc9afe071 .av-image-caption-overlay-center{\ncolor:#ffffff;\n}\n<\/style>\n<div  class='avia-image-container av-lkjfugj4-20cde9c743aa2d7b4d77647bc9afe071 av-styling- avia-align-center  avia-builder-el-75  el_after_av_hr  el_before_av_hr  full-img-news'   itemprop=\"image\" itemscope=\"itemscope\" itemtype=\"https:\/\/schema.org\/ImageObject\" ><div class=\"avia-image-container-inner\"><div class=\"avia-image-overlay-wrap\"><img decoding=\"async\" class='wp-image-37745 avia-img-lazy-loading-not-37745 avia_image ' src=\"https:\/\/levfestival.com\/wp-content\/uploads\/2023\/07\/Verbose.png\" alt='' title='Verbose'  height=\"2836\" width=\"6720\"  itemprop=\"thumbnailUrl\" srcset=\"https:\/\/levfestival.com\/wp-content\/uploads\/2023\/07\/Verbose.png 6720w, https:\/\/levfestival.com\/wp-content\/uploads\/2023\/07\/Verbose-300x127.png 300w, https:\/\/levfestival.com\/wp-content\/uploads\/2023\/07\/Verbose-1030x435.png 1030w, https:\/\/levfestival.com\/wp-content\/uploads\/2023\/07\/Verbose-768x324.png 768w, https:\/\/levfestival.com\/wp-content\/uploads\/2023\/07\/Verbose-1536x648.png 1536w, https:\/\/levfestival.com\/wp-content\/uploads\/2023\/07\/Verbose-2048x864.png 2048w, https:\/\/levfestival.com\/wp-content\/uploads\/2023\/07\/Verbose-1500x633.png 1500w, https:\/\/levfestival.com\/wp-content\/uploads\/2023\/07\/Verbose-705x298.png 705w\" sizes=\"(max-width: 6720px) 100vw, 6720px\" \/><\/div><\/div><\/div>\n\n<style type=\"text\/css\" data-created_by=\"avia_inline_auto\" id=\"style-css-av-1ag0f91-f7b33973131135ea2e6e0fc129db12d8\">\n#top .hr.hr-invisible.av-1ag0f91-f7b33973131135ea2e6e0fc129db12d8{\nheight:20px;\n}\n<\/style>\n<div  class='hr av-1ag0f91-f7b33973131135ea2e6e0fc129db12d8 hr-invisible  avia-builder-el-76  el_after_av_image  el_before_av_textblock '><span class='hr-inner '><span class=\"hr-inner-style\"><\/span><\/span><\/div>\n<section  class='av_textblock_section av-2941p1-40caa3ddf6f2a67769ac29f5163c4a2c'  itemscope=\"itemscope\" itemtype=\"https:\/\/schema.org\/BlogPosting\" itemprop=\"blogPost\" ><div class='avia_textblock'  itemprop=\"text\" ><p>Traditional forms blend with hyper digital sounds to create new imaginary worlds in the productions by <strong>CORIN<\/strong>, moving between IDM, grime, EBM, trance, and baroque ambient. With a classic piano training, she tries to create a sound space where western classical music can hybridize with contemporary electronic music and non-western artistic expressions. At L.E.V.Matadero she will play an audiovisual live show around her latest album <em>Lux Aeterna<\/em>.<\/p>\n<\/div><\/section>\n\n<style type=\"text\/css\" data-created_by=\"avia_inline_auto\" id=\"style-css-av-2peydo5-065404cf52e01c356d907d4651c29c68\">\n#top .hr.hr-invisible.av-2peydo5-065404cf52e01c356d907d4651c29c68{\nheight:20px;\n}\n<\/style>\n<div  class='hr av-2peydo5-065404cf52e01c356d907d4651c29c68 hr-invisible  avia-builder-el-78  el_after_av_textblock  el_before_av_video '><span class='hr-inner '><span class=\"hr-inner-style\"><\/span><\/span><\/div>\n<div  class='avia-video av-lkjfwyrr-3ecbf65106a63dfa1fc4149af30c1411 avia-video-16-9 av-no-preview-image avia-video-load-always av-lazyload-immediate av-lazyload-video-embed'  itemprop=\"video\" itemtype=\"https:\/\/schema.org\/VideoObject\"  data-original_url='https:\/\/youtu.be\/HbcyJ7K3sZc'><script type='text\/html' class='av-video-tmpl'><div class='avia-iframe-wrap'><iframe loading=\"lazy\" title=\"CORIN \u2014\u00a0Sunta Trailer (Lux Aeterna LP)\" width=\"1500\" height=\"844\" src=\"https:\/\/www.youtube.com\/embed\/HbcyJ7K3sZc?feature=oembed&autoplay=0&loop=0&controls=1&mute=0\" frameborder=\"0\" allow=\"accelerometer; autoplay; clipboard-write; encrypted-media; gyroscope; picture-in-picture; web-share\" allowfullscreen><\/iframe><\/div><\/script><div class='av-click-to-play-overlay'><div class=\"avia_playpause_icon\"><\/div><\/div><\/div>\n\n<style type=\"text\/css\" data-created_by=\"avia_inline_auto\" id=\"style-css-av-1w86g45-dbbe3121766d47f2726846f839258f0d\">\n#top .hr.hr-invisible.av-1w86g45-dbbe3121766d47f2726846f839258f0d{\nheight:20px;\n}\n<\/style>\n<div  class='hr av-1w86g45-dbbe3121766d47f2726846f839258f0d hr-invisible  avia-builder-el-80  el_after_av_video  el_before_av_textblock '><span class='hr-inner '><span class=\"hr-inner-style\"><\/span><\/span><\/div>\n<section  class='av_textblock_section av-lkjfxo4x-467ef23a6764d56b488a199cf6664224'  itemscope=\"itemscope\" itemtype=\"https:\/\/schema.org\/BlogPosting\" itemprop=\"blogPost\" ><div class='avia_textblock'  itemprop=\"text\" ><p>London-based artist <strong>Halina Rice<\/strong>, well-known for her eclectic, vibrant, experimental ambient dance music, will showcase her project <em>New Worlds<\/em>, and her immersive audiovisual environments. Her always sold-out live shows have been described as &#8220;part rave, part art-happening&#8221;.<\/p>\n<\/div><\/section>\n\n<style type=\"text\/css\" data-created_by=\"avia_inline_auto\" id=\"style-css-av-1tzkct1-f37663c6b49ba9bf42ce1c6c0a62165f\">\n#top .hr.hr-invisible.av-1tzkct1-f37663c6b49ba9bf42ce1c6c0a62165f{\nheight:20px;\n}\n<\/style>\n<div  class='hr av-1tzkct1-f37663c6b49ba9bf42ce1c6c0a62165f hr-invisible  avia-builder-el-82  el_after_av_textblock  el_before_av_video '><span class='hr-inner '><span class=\"hr-inner-style\"><\/span><\/span><\/div>\n<div  class='avia-video av-lkjfygkb-4fffb31639bc82abe169300bbb2359d1 avia-video-16-9 av-no-preview-image avia-video-load-always av-lazyload-immediate av-lazyload-video-embed'  itemprop=\"video\" itemtype=\"https:\/\/schema.org\/VideoObject\"  data-original_url='https:\/\/youtu.be\/pkDz4YRogWQ'><script type='text\/html' class='av-video-tmpl'><div class='avia-iframe-wrap'><iframe loading=\"lazy\" title=\"HALINA RICE - HEY [Visualiser]\" width=\"1500\" height=\"844\" src=\"https:\/\/www.youtube.com\/embed\/pkDz4YRogWQ?feature=oembed&autoplay=0&loop=0&controls=1&mute=0\" frameborder=\"0\" allow=\"accelerometer; autoplay; clipboard-write; encrypted-media; gyroscope; picture-in-picture; web-share\" allowfullscreen><\/iframe><\/div><\/script><div class='av-click-to-play-overlay'><div class=\"avia_playpause_icon\"><\/div><\/div><\/div>\n\n<style type=\"text\/css\" data-created_by=\"avia_inline_auto\" id=\"style-css-av-18ef8vp-9520264b22fbccf0429c69edf28b98bc\">\n#top .hr.hr-invisible.av-18ef8vp-9520264b22fbccf0429c69edf28b98bc{\nheight:20px;\n}\n<\/style>\n<div  class='hr av-18ef8vp-9520264b22fbccf0429c69edf28b98bc hr-invisible  avia-builder-el-84  el_after_av_video  el_before_av_textblock '><span class='hr-inner '><span class=\"hr-inner-style\"><\/span><\/span><\/div>\n<section  class='av_textblock_section av-lkjfz14j-60be0f78ee2c4fc8f0d24e77c5bac31b'  itemscope=\"itemscope\" itemtype=\"https:\/\/schema.org\/BlogPosting\" itemprop=\"blogPost\" ><div class='avia_textblock'  itemprop=\"text\" ><p>The icing on the cake of the live shows on Saturday 23 at Central de Dise\u00f1o will be <strong>LustSickPuppy<\/strong>, a chaos curator born and raised in Crown Heights (Brooklyn), who invokes spirits through shared rituals. Their shows, raw and unpredictable, combine punk, gabber, drum n bass, rap, glitter and blood in equal parts. Live liturgical raves where they are in control of the audience to take them to a journey of a lifetime.<\/p>\n<\/div><\/section>\n\n<style type=\"text\/css\" data-created_by=\"avia_inline_auto\" id=\"style-css-av-b3cvo6k-f2a405133ba6f0d8a7dad262311180db\">\n#top .hr.hr-invisible.av-b3cvo6k-f2a405133ba6f0d8a7dad262311180db{\nheight:50px;\n}\n<\/style>\n<div  class='hr av-b3cvo6k-f2a405133ba6f0d8a7dad262311180db hr-invisible  avia-builder-el-86  el_after_av_textblock  el_before_av_video '><span class='hr-inner '><span class=\"hr-inner-style\"><\/span><\/span><\/div>\n<div  class='avia-video av-lkjfzjq6-d54a4e942419d19e62cad005e3b91f06 avia-video-16-9 av-no-preview-image avia-video-load-always av-lazyload-immediate av-lazyload-video-embed'  itemprop=\"video\" itemtype=\"https:\/\/schema.org\/VideoObject\"  data-original_url='https:\/\/youtu.be\/4Ih16g0NRZ0'><script type='text\/html' class='av-video-tmpl'><div class='avia-iframe-wrap'><iframe loading=\"lazy\" title=\"LustSickPuppy- might b (Official Music Video)\" width=\"1500\" height=\"844\" src=\"https:\/\/www.youtube.com\/embed\/4Ih16g0NRZ0?feature=oembed&autoplay=0&loop=0&controls=1&mute=0\" frameborder=\"0\" allow=\"accelerometer; autoplay; clipboard-write; encrypted-media; gyroscope; picture-in-picture; web-share\" allowfullscreen><\/iframe><\/div><\/script><div class='av-click-to-play-overlay'><div class=\"avia_playpause_icon\"><\/div><\/div><\/div>\n\n<style type=\"text\/css\" data-created_by=\"avia_inline_auto\" id=\"style-css-av-8gw1jm4-4e3ff9668f0ebeedeefedce6cc33ce8f\">\n#top .hr.hr-invisible.av-8gw1jm4-4e3ff9668f0ebeedeefedce6cc33ce8f{\nheight:20px;\n}\n<\/style>\n<div  class='hr av-8gw1jm4-4e3ff9668f0ebeedeefedce6cc33ce8f hr-invisible  avia-builder-el-88  el_after_av_video  el_before_av_one_half '><span class='hr-inner '><span class=\"hr-inner-style\"><\/span><\/span><\/div>\n\n<style type=\"text\/css\" data-created_by=\"avia_inline_auto\" id=\"style-css-av-q654kz-e36a7522a81543ad88a7b1ab5d8bb704\">\n#top .flex_column.av-q654kz-e36a7522a81543ad88a7b1ab5d8bb704{\nmargin-top:0px;\nmargin-bottom:0px;\n}\n.flex_column.av-q654kz-e36a7522a81543ad88a7b1ab5d8bb704{\npadding:0 0 0 0;\n}\n.responsive #top #wrap_all .flex_column.av-q654kz-e36a7522a81543ad88a7b1ab5d8bb704{\nmargin-top:0px;\nmargin-bottom:0px;\n}\n<\/style>\n<div class='flex_column av-q654kz-e36a7522a81543ad88a7b1ab5d8bb704 av_one_half  avia-builder-el-89  el_after_av_hr  el_before_av_hr  caption-before-ul first flex_column_div av-zero-column-padding '     ><style type=\"text\/css\" data-created_by=\"avia_inline_auto\" id=\"style-css-av-lftgph78-769e32bc5652bbcbed2fc836b0fef24b\">\n#top .av_textblock_section.av-lftgph78-769e32bc5652bbcbed2fc836b0fef24b .avia_textblock{\nfont-size:20px;\n}\n<\/style>\n<section  class='av_textblock_section av-lftgph78-769e32bc5652bbcbed2fc836b0fef24b'  itemscope=\"itemscope\" itemtype=\"https:\/\/schema.org\/BlogPosting\" itemprop=\"blogPost\" ><div class='avia_textblock'  itemprop=\"text\" ><p>TICKETS AVAILABLE <a href=\"https:\/\/levfestival.com\/23-matadero\/en\/tickets\/\">HERE<\/a><\/p>\n<\/div><\/section><\/div>\n<style type=\"text\/css\" data-created_by=\"avia_inline_auto\" id=\"style-css-av-m101e4-a9be32e3c39c93736831ffd71c2fc742\">\n#top .hr.hr-invisible.av-m101e4-a9be32e3c39c93736831ffd71c2fc742{\nheight:50px;\n}\n<\/style>\n<div  class='hr av-m101e4-a9be32e3c39c93736831ffd71c2fc742 hr-invisible  avia-builder-el-91  el_after_av_one_half  el_before_av_one_fourth '><span class='hr-inner '><span class=\"hr-inner-style\"><\/span><\/span><\/div>\n<div class='flex_column av-ldzskvoo-35b3aed1b28c3934161ddcac052b9e64 av_one_fourth  avia-builder-el-92  el_after_av_hr  el_before_av_one_fourth  first flex_column_div '     ><section  class='av_textblock_section av-ldsyp7r1-274ceff12f1bfdfedc096d817bbb0114'  itemscope=\"itemscope\" itemtype=\"https:\/\/schema.org\/BlogPosting\" itemprop=\"blogPost\" ><div class='avia_textblock'  itemprop=\"text\" ><p><b>L.E.V. Matadero<\/b><br \/>\n<strong>Festival of Visual Electronics and Extended Realities<br \/>\nSeptember 21-24, 2023 Matadero Madrid<\/strong><\/p>\n<\/div><\/section><\/div><div class='flex_column av-22hafd2-ba07161009616bacfc2e50ecf55dc8bf av_one_fourth  avia-builder-el-94  el_after_av_one_fourth  el_before_av_one_half  flex_column_div '     ><section  class='av_textblock_section av-ldz4c0qn-37e9b3826f6b07d7210014beeef5319f'  itemscope=\"itemscope\" itemtype=\"https:\/\/schema.org\/BlogPosting\" itemprop=\"blogPost\" ><div class='avia_textblock'  itemprop=\"text\" ><p>Organized by: <b>Matadero Madrid<\/b><br \/>\nCurated by: <b>Datatron \/ L.E.V.\u00a0<\/b><br \/>\nIn a collaboration with:<b> Cineteca Madrid, Naves del Espa\u00f1ol en Matadero<\/b><\/p>\n<\/div><\/section><\/div><div class='flex_column av-mblkad-f7dcb646c7d3a79bf78afe70c5425154 av_one_half  avia-builder-el-96  el_after_av_one_fourth  el_before_av_hr  flex_column_div '     ><section  class='av_textblock_section av-lkjgh0wp-8c1011261e37c6f6ae73ae32c9472e2a'  itemscope=\"itemscope\" itemtype=\"https:\/\/schema.org\/BlogPosting\" itemprop=\"blogPost\" ><div class='avia_textblock'  itemprop=\"text\" ><p>With the participation of: <b>Casa del Lector, Central de Dise\u00f1o, MAD Madrid Artes Digitales.<\/b><br \/>\nSupported by: <b>Ministerio de Cultura de Taiw\u00e1n, Oficina Econ\u00f3mica y Cultural de Taip\u00e9i en Espa\u00f1a, RIT (Realities in Transition)\u00a0<\/b><br \/>\nAssociated media: <b>Radio 3, OCI Magazine, Clot Magazine<\/b><\/p>\n<p>Visual identity: <b>Lucas Gutierrez<\/b><\/p>\n<\/div><\/section><\/div>\n<style type=\"text\/css\" data-created_by=\"avia_inline_auto\" id=\"style-css-av-rso0xy-96d5673cb0920cfad61eda478cc820ec\">\n#top .hr.hr-invisible.av-rso0xy-96d5673cb0920cfad61eda478cc820ec{\nheight:40px;\n}\n<\/style>\n<div  class='hr av-rso0xy-96d5673cb0920cfad61eda478cc820ec hr-invisible  avia-builder-el-98  el_after_av_one_half  el_before_av_image '><span class='hr-inner '><span class=\"hr-inner-style\"><\/span><\/span><\/div>\n\n<style type=\"text\/css\" data-created_by=\"avia_inline_auto\" id=\"style-css-av-ldt0jisc-918cd49333bcf76638e3e0ad976fb9e6\">\n.avia-image-container.av-ldt0jisc-918cd49333bcf76638e3e0ad976fb9e6 img.avia_image{\nbox-shadow:none;\n}\n.avia-image-container.av-ldt0jisc-918cd49333bcf76638e3e0ad976fb9e6 .av-image-caption-overlay-center{\ncolor:#ffffff;\n}\n<\/style>\n<div  class='avia-image-container av-ldt0jisc-918cd49333bcf76638e3e0ad976fb9e6 av-styling- avia-align-center  avia-builder-el-99  el_after_av_hr  el_before_av_hr '   itemprop=\"image\" itemscope=\"itemscope\" itemtype=\"https:\/\/schema.org\/ImageObject\" ><div class=\"avia-image-container-inner\"><div class=\"avia-image-overlay-wrap\"><img decoding=\"async\" class='wp-image-37752 avia-img-lazy-loading-not-37752 avia_image ' src=\"https:\/\/levfestival.com\/wp-content\/uploads\/2023\/07\/LEV-MATADERO_A3_digital-2.jpg\" alt='' title='LEV MATADERO_A3_digital-2'  height=\"1190\" width=\"841\"  itemprop=\"thumbnailUrl\" srcset=\"https:\/\/levfestival.com\/wp-content\/uploads\/2023\/07\/LEV-MATADERO_A3_digital-2.jpg 841w, https:\/\/levfestival.com\/wp-content\/uploads\/2023\/07\/LEV-MATADERO_A3_digital-2-212x300.jpg 212w, https:\/\/levfestival.com\/wp-content\/uploads\/2023\/07\/LEV-MATADERO_A3_digital-2-728x1030.jpg 728w, https:\/\/levfestival.com\/wp-content\/uploads\/2023\/07\/LEV-MATADERO_A3_digital-2-768x1087.jpg 768w, https:\/\/levfestival.com\/wp-content\/uploads\/2023\/07\/LEV-MATADERO_A3_digital-2-498x705.jpg 498w\" sizes=\"(max-width: 841px) 100vw, 841px\" \/><\/div><\/div><\/div>\n\n<style type=\"text\/css\" data-created_by=\"avia_inline_auto\" id=\"style-css-av-kzbajq-2538c58e80eafacfeb333168a8d10f81\">\n#top .hr.hr-invisible.av-kzbajq-2538c58e80eafacfeb333168a8d10f81{\nheight:40px;\n}\n<\/style>\n<div  class='hr av-kzbajq-2538c58e80eafacfeb333168a8d10f81 hr-invisible  avia-builder-el-100  el_after_av_image  avia-builder-el-last '><span class='hr-inner '><span class=\"hr-inner-style\"><\/span><\/span><\/div>\n\n","protected":false},"excerpt":{"rendered":"","protected":false},"author":1,"featured_media":37831,"comment_status":"closed","ping_status":"open","sticky":false,"template":"","format":"standard","meta":{"footnotes":""},"categories":[26],"tags":[],"class_list":["post-37718","post","type-post","status-publish","format-standard","has-post-thumbnail","hentry","category-lev-matadero-en"],"yoast_head":"<!-- This site is optimized with the Yoast SEO plugin v20.7 - https:\/\/yoast.com\/wordpress\/plugins\/seo\/ -->\n<title>L.E.V. Matadero, Festival of Visual Electronica and Extended Realities, announces line up of live shows for its fifth year - LEV Festival<\/title>\n<meta name=\"robots\" content=\"index, follow, max-snippet:-1, max-image-preview:large, max-video-preview:-1\" \/>\n<link rel=\"canonical\" href=\"https:\/\/levfestival.com\/en\/l-e-v-matadero-festival-of-visual-electronica-and-extended-realities-announces-line-up-of-live-shows-for-its-fifth-year\/\" \/>\n<meta property=\"og:locale\" content=\"en_US\" \/>\n<meta property=\"og:type\" content=\"article\" \/>\n<meta property=\"og:title\" content=\"L.E.V. Matadero, Festival of Visual Electronica and Extended Realities, announces line up of live shows for its fifth year - LEV Festival\" \/>\n<meta property=\"og:url\" content=\"https:\/\/levfestival.com\/en\/l-e-v-matadero-festival-of-visual-electronica-and-extended-realities-announces-line-up-of-live-shows-for-its-fifth-year\/\" \/>\n<meta property=\"og:site_name\" content=\"LEV Festival\" \/>\n<meta property=\"article:published_time\" content=\"2023-09-01T16:00:22+00:00\" \/>\n<meta property=\"article:modified_time\" content=\"2023-07-31T10:55:13+00:00\" \/>\n<meta property=\"og:image\" content=\"https:\/\/levfestival.com\/wp-content\/uploads\/2023\/07\/noticia-matadero23.jpeg\" \/>\n\t<meta property=\"og:image:width\" content=\"1920\" \/>\n\t<meta property=\"og:image:height\" content=\"1371\" \/>\n\t<meta property=\"og:image:type\" content=\"image\/jpeg\" \/>\n<meta name=\"author\" content=\"Humme\" \/>\n<meta name=\"twitter:card\" content=\"summary_large_image\" \/>\n<meta name=\"twitter:label1\" content=\"Written by\" \/>\n\t<meta name=\"twitter:data1\" content=\"Humme\" \/>\n\t<meta name=\"twitter:label2\" content=\"Est. reading time\" \/>\n\t<meta name=\"twitter:data2\" content=\"24 minutes\" \/>\n<script type=\"application\/ld+json\" class=\"yoast-schema-graph\">{\"@context\":\"https:\/\/schema.org\",\"@graph\":[{\"@type\":\"WebPage\",\"@id\":\"https:\/\/levfestival.com\/en\/l-e-v-matadero-festival-of-visual-electronica-and-extended-realities-announces-line-up-of-live-shows-for-its-fifth-year\/\",\"url\":\"https:\/\/levfestival.com\/en\/l-e-v-matadero-festival-of-visual-electronica-and-extended-realities-announces-line-up-of-live-shows-for-its-fifth-year\/\",\"name\":\"L.E.V. Matadero, Festival of Visual Electronica and Extended Realities, announces line up of live shows for its fifth year - LEV Festival\",\"isPartOf\":{\"@id\":\"https:\/\/levfestival.com\/#website\"},\"datePublished\":\"2023-09-01T16:00:22+00:00\",\"dateModified\":\"2023-07-31T10:55:13+00:00\",\"author\":{\"@id\":\"https:\/\/levfestival.com\/#\/schema\/person\/e2142c72a7272670c965c75a56382bcf\"},\"inLanguage\":\"en-US\",\"potentialAction\":[{\"@type\":\"ReadAction\",\"target\":[\"https:\/\/levfestival.com\/en\/l-e-v-matadero-festival-of-visual-electronica-and-extended-realities-announces-line-up-of-live-shows-for-its-fifth-year\/\"]}]},{\"@type\":\"WebSite\",\"@id\":\"https:\/\/levfestival.com\/#website\",\"url\":\"https:\/\/levfestival.com\/\",\"name\":\"LEV Festival\",\"description\":\"LEV\",\"potentialAction\":[{\"@type\":\"SearchAction\",\"target\":{\"@type\":\"EntryPoint\",\"urlTemplate\":\"https:\/\/levfestival.com\/?s={search_term_string}\"},\"query-input\":\"required name=search_term_string\"}],\"inLanguage\":\"en-US\"},{\"@type\":\"Person\",\"@id\":\"https:\/\/levfestival.com\/#\/schema\/person\/e2142c72a7272670c965c75a56382bcf\",\"name\":\"Humme\",\"image\":{\"@type\":\"ImageObject\",\"inLanguage\":\"en-US\",\"@id\":\"https:\/\/levfestival.com\/#\/schema\/person\/image\/\",\"url\":\"https:\/\/secure.gravatar.com\/avatar\/c27bb9a5fc06001117e06658d7a38b765cd67431eeb3ce3eeb3aedae32d683ee?s=96&d=mm&r=g\",\"contentUrl\":\"https:\/\/secure.gravatar.com\/avatar\/c27bb9a5fc06001117e06658d7a38b765cd67431eeb3ce3eeb3aedae32d683ee?s=96&d=mm&r=g\",\"caption\":\"Humme\"},\"sameAs\":[\"https:\/\/levfestival.com\/lev\"],\"url\":\"https:\/\/levfestival.com\/en\/author\/humme\/\"}]}<\/script>\n<!-- \/ Yoast SEO plugin. -->","yoast_head_json":{"title":"L.E.V. Matadero, Festival of Visual Electronica and Extended Realities, announces line up of live shows for its fifth year - LEV Festival","robots":{"index":"index","follow":"follow","max-snippet":"max-snippet:-1","max-image-preview":"max-image-preview:large","max-video-preview":"max-video-preview:-1"},"canonical":"https:\/\/levfestival.com\/en\/l-e-v-matadero-festival-of-visual-electronica-and-extended-realities-announces-line-up-of-live-shows-for-its-fifth-year\/","og_locale":"en_US","og_type":"article","og_title":"L.E.V. Matadero, Festival of Visual Electronica and Extended Realities, announces line up of live shows for its fifth year - LEV Festival","og_url":"https:\/\/levfestival.com\/en\/l-e-v-matadero-festival-of-visual-electronica-and-extended-realities-announces-line-up-of-live-shows-for-its-fifth-year\/","og_site_name":"LEV Festival","article_published_time":"2023-09-01T16:00:22+00:00","article_modified_time":"2023-07-31T10:55:13+00:00","og_image":[{"width":1920,"height":1371,"url":"https:\/\/levfestival.com\/wp-content\/uploads\/2023\/07\/noticia-matadero23.jpeg","type":"image\/jpeg"}],"author":"Humme","twitter_card":"summary_large_image","twitter_misc":{"Written by":"Humme","Est. reading time":"24 minutes"},"schema":{"@context":"https:\/\/schema.org","@graph":[{"@type":"WebPage","@id":"https:\/\/levfestival.com\/en\/l-e-v-matadero-festival-of-visual-electronica-and-extended-realities-announces-line-up-of-live-shows-for-its-fifth-year\/","url":"https:\/\/levfestival.com\/en\/l-e-v-matadero-festival-of-visual-electronica-and-extended-realities-announces-line-up-of-live-shows-for-its-fifth-year\/","name":"L.E.V. Matadero, Festival of Visual Electronica and Extended Realities, announces line up of live shows for its fifth year - LEV Festival","isPartOf":{"@id":"https:\/\/levfestival.com\/#website"},"datePublished":"2023-09-01T16:00:22+00:00","dateModified":"2023-07-31T10:55:13+00:00","author":{"@id":"https:\/\/levfestival.com\/#\/schema\/person\/e2142c72a7272670c965c75a56382bcf"},"inLanguage":"en-US","potentialAction":[{"@type":"ReadAction","target":["https:\/\/levfestival.com\/en\/l-e-v-matadero-festival-of-visual-electronica-and-extended-realities-announces-line-up-of-live-shows-for-its-fifth-year\/"]}]},{"@type":"WebSite","@id":"https:\/\/levfestival.com\/#website","url":"https:\/\/levfestival.com\/","name":"LEV Festival","description":"LEV","potentialAction":[{"@type":"SearchAction","target":{"@type":"EntryPoint","urlTemplate":"https:\/\/levfestival.com\/?s={search_term_string}"},"query-input":"required name=search_term_string"}],"inLanguage":"en-US"},{"@type":"Person","@id":"https:\/\/levfestival.com\/#\/schema\/person\/e2142c72a7272670c965c75a56382bcf","name":"Humme","image":{"@type":"ImageObject","inLanguage":"en-US","@id":"https:\/\/levfestival.com\/#\/schema\/person\/image\/","url":"https:\/\/secure.gravatar.com\/avatar\/c27bb9a5fc06001117e06658d7a38b765cd67431eeb3ce3eeb3aedae32d683ee?s=96&d=mm&r=g","contentUrl":"https:\/\/secure.gravatar.com\/avatar\/c27bb9a5fc06001117e06658d7a38b765cd67431eeb3ce3eeb3aedae32d683ee?s=96&d=mm&r=g","caption":"Humme"},"sameAs":["https:\/\/levfestival.com\/lev"],"url":"https:\/\/levfestival.com\/en\/author\/humme\/"}]}},"_links":{"self":[{"href":"https:\/\/levfestival.com\/en\/wp-json\/wp\/v2\/posts\/37718","targetHints":{"allow":["GET"]}}],"collection":[{"href":"https:\/\/levfestival.com\/en\/wp-json\/wp\/v2\/posts"}],"about":[{"href":"https:\/\/levfestival.com\/en\/wp-json\/wp\/v2\/types\/post"}],"author":[{"embeddable":true,"href":"https:\/\/levfestival.com\/en\/wp-json\/wp\/v2\/users\/1"}],"replies":[{"embeddable":true,"href":"https:\/\/levfestival.com\/en\/wp-json\/wp\/v2\/comments?post=37718"}],"version-history":[{"count":10,"href":"https:\/\/levfestival.com\/en\/wp-json\/wp\/v2\/posts\/37718\/revisions"}],"predecessor-version":[{"id":37809,"href":"https:\/\/levfestival.com\/en\/wp-json\/wp\/v2\/posts\/37718\/revisions\/37809"}],"wp:featuredmedia":[{"embeddable":true,"href":"https:\/\/levfestival.com\/en\/wp-json\/wp\/v2\/media\/37831"}],"wp:attachment":[{"href":"https:\/\/levfestival.com\/en\/wp-json\/wp\/v2\/media?parent=37718"}],"wp:term":[{"taxonomy":"category","embeddable":true,"href":"https:\/\/levfestival.com\/en\/wp-json\/wp\/v2\/categories?post=37718"},{"taxonomy":"post_tag","embeddable":true,"href":"https:\/\/levfestival.com\/en\/wp-json\/wp\/v2\/tags?post=37718"}],"curies":[{"name":"wp","href":"https:\/\/api.w.org\/{rel}","templated":true}]}}