{"id":42188,"date":"2025-03-20T07:00:14","date_gmt":"2025-03-20T06:00:14","guid":{"rendered":"https:\/\/levfestival.com\/?p=42188"},"modified":"2025-06-02T19:33:40","modified_gmt":"2025-06-02T17:33:40","slug":"pozu-santa-barbara-in-mieres-launches-the-installation-speculum-smack-art-collective","status":"publish","type":"post","link":"https:\/\/levfestival.com\/en\/pozu-santa-barbara-in-mieres-launches-the-installation-speculum-smack-art-collective\/","title":{"rendered":"Pozu Santa B\u00e1rbara in Mieres launches the installation SPECULUM SMACK art collective"},"content":{"rendered":"\n<style type=\"text\/css\" data-created_by=\"avia_inline_auto\" id=\"style-css-av-ldzreqp3-31d5bee1365fa9a1d2259fed2eb5a17d\">\n\n@media only screen and (min-width: 768px) and (max-width: 989px){ \n.avia-section.av-ldzreqp3-31d5bee1365fa9a1d2259fed2eb5a17d{\nmargin-bottom:0;\n}\n}\n\n@media only screen and (min-width: 480px) and (max-width: 767px){ \n.avia-section.av-ldzreqp3-31d5bee1365fa9a1d2259fed2eb5a17d{\nmargin-bottom:0;\n}\n}\n\n@media only screen and (max-width: 479px){ \n.avia-section.av-ldzreqp3-31d5bee1365fa9a1d2259fed2eb5a17d{\nmargin-bottom:0;\n}\n}\n<\/style>\n<div id='av_section_1'  class='avia-section av-ldzreqp3-31d5bee1365fa9a1d2259fed2eb5a17d main_color avia-section-small avia-no-border-styling  avia-builder-el-0  el_before_av_slideshow_full  avia-builder-el-first  avia-bg-style-scroll container_wrap fullsize'  ><div class='container av-section-cont-open' ><main  role=\"main\" itemprop=\"mainContentOfPage\"  class='template-page content  av-content-full alpha units'><div class='post-entry post-entry-type-page post-entry-42188'><div class='entry-content-wrapper clearfix'>\n\n<style type=\"text\/css\" data-created_by=\"avia_inline_auto\" id=\"style-css-av-ldzrgwwu-e402b224a5e93e9a8d35d151a0d38bc4\">\n#top .flex_column.av-ldzrgwwu-e402b224a5e93e9a8d35d151a0d38bc4{\nmargin-top:0px;\nmargin-bottom:0px;\n}\n.flex_column.av-ldzrgwwu-e402b224a5e93e9a8d35d151a0d38bc4{\npadding:50px 0 0 0;\n}\n.responsive #top #wrap_all .flex_column.av-ldzrgwwu-e402b224a5e93e9a8d35d151a0d38bc4{\nmargin-top:0px;\nmargin-bottom:0px;\n}\n\n@media only screen and (min-width: 480px) and (max-width: 767px){ \n#top .flex_column.av-ldzrgwwu-e402b224a5e93e9a8d35d151a0d38bc4{\nmargin-bottom:0;\n}\n.responsive #top #wrap_all .flex_column.av-ldzrgwwu-e402b224a5e93e9a8d35d151a0d38bc4{\nmargin-bottom:0;\n}\n}\n\n@media only screen and (max-width: 479px){ \n#top .flex_column.av-ldzrgwwu-e402b224a5e93e9a8d35d151a0d38bc4{\nmargin-bottom:0;\n}\n.responsive #top #wrap_all .flex_column.av-ldzrgwwu-e402b224a5e93e9a8d35d151a0d38bc4{\nmargin-bottom:0;\n}\n}\n<\/style>\n<div class='flex_column av-ldzrgwwu-e402b224a5e93e9a8d35d151a0d38bc4 av_one_half  avia-builder-el-1  avia-builder-el-no-sibling  first flex_column_div '     ><style type=\"text\/css\" data-created_by=\"avia_inline_auto\" id=\"style-css-av-m8h3b3as-86179bd2296fa6fb5e56bf60813ccb77\">\n#top .av-special-heading.av-m8h3b3as-86179bd2296fa6fb5e56bf60813ccb77{\npadding-bottom:10px;\n}\nbody .av-special-heading.av-m8h3b3as-86179bd2296fa6fb5e56bf60813ccb77 .av-special-heading-tag .heading-char{\nfont-size:25px;\n}\n.av-special-heading.av-m8h3b3as-86179bd2296fa6fb5e56bf60813ccb77 .av-subheading{\nfont-size:15px;\n}\n<\/style>\n<div  class='av-special-heading av-m8h3b3as-86179bd2296fa6fb5e56bf60813ccb77 av-special-heading-h1 blockquote modern-quote  avia-builder-el-2  avia-builder-el-no-sibling '><h1 class='av-special-heading-tag'  itemprop=\"headline\"  > Pozu Santa B\u00e1rbara in Mieres launches the installation SPECULUM SMACK art collective<\/h1><div class='av-subheading av-subheading_below'><p>_<\/p>\n<p>A work that explores hyperconnected society through a reinterpretation of The Garden of Earthly Delights by Bosch<\/p>\n<\/div><div class=\"special-heading-border\"><div class=\"special-heading-inner-border\"><\/div><\/div><\/div><\/div>\n\n<\/div><\/div><\/main><!-- close content main element --><\/div><\/div><div id='full_slider_1'  class='avia-fullwidth-slider main_color avia-shadow   avia-builder-el-3  el_after_av_section  el_before_av_section   slider-not-first container_wrap fullsize'  ><div  class='avia-slideshow av-ldzrdrpo-1578aafa56c82e47f5acb519e3736b8f avia-slideshow-no scaling av_slideshow_full avia-slide-slider av-slideshow-ui av-control-default av-slideshow-manual av-loop-once av-loop-manual-endless av-default-height-applied   avia-slideshow-1' data-slideshow-options=\"{&quot;animation&quot;:&quot;slide&quot;,&quot;autoplay&quot;:false,&quot;loop_autoplay&quot;:&quot;once&quot;,&quot;interval&quot;:5,&quot;loop_manual&quot;:&quot;manual-endless&quot;,&quot;autoplay_stopper&quot;:false,&quot;noNavigation&quot;:false,&quot;bg_slider&quot;:false,&quot;keep_padding&quot;:false,&quot;hoverpause&quot;:false,&quot;show_slide_delay&quot;:0}\"  itemprop=\"image\" itemscope=\"itemscope\" itemtype=\"https:\/\/schema.org\/ImageObject\" ><ul class='avia-slideshow-inner ' style='padding-bottom: 42%;'><li  class='avia-slideshow-slide av-ldzrdrpo-1578aafa56c82e47f5acb519e3736b8f__0  av-single-slide slide-1 slide-odd'><div data-rel='slideshow-1' class='avia-slide-wrap '   ><img decoding=\"async\" class=\"wp-image-42190 avia-img-lazy-loading-not-42190\"  src=\"https:\/\/levfestival.com\/wp-content\/uploads\/2025\/03\/Cabecera-Noticia-2.jpg\" width=\"1500\" height=\"630\" title='Cabecera Noticia-2' alt=''  itemprop=\"thumbnailUrl\" srcset=\"https:\/\/levfestival.com\/wp-content\/uploads\/2025\/03\/Cabecera-Noticia-2.jpg 1500w, https:\/\/levfestival.com\/wp-content\/uploads\/2025\/03\/Cabecera-Noticia-2-300x126.jpg 300w, https:\/\/levfestival.com\/wp-content\/uploads\/2025\/03\/Cabecera-Noticia-2-1030x433.jpg 1030w, https:\/\/levfestival.com\/wp-content\/uploads\/2025\/03\/Cabecera-Noticia-2-768x323.jpg 768w, https:\/\/levfestival.com\/wp-content\/uploads\/2025\/03\/Cabecera-Noticia-2-705x296.jpg 705w\" sizes=\"(max-width: 1500px) 100vw, 1500px\" \/><\/div><\/li><\/ul><\/div><\/div>\n\n<style type=\"text\/css\" data-created_by=\"avia_inline_auto\" id=\"style-css-av-5qn5v2e-4488688daf237fb33f9d7a846317bbcf\">\n.avia-section.av-5qn5v2e-4488688daf237fb33f9d7a846317bbcf{\nmargin-top:0;\nmargin-bottom:0px;\n}\n<\/style>\n<div id='av_section_2'  class='avia-section av-5qn5v2e-4488688daf237fb33f9d7a846317bbcf main_color avia-section-small avia-no-border-styling  avia-builder-el-4  el_after_av_slideshow_full  avia-builder-el-last  avia-bg-style-scroll container_wrap fullsize'  ><div class='container av-section-cont-open' ><div class='template-page content  av-content-full alpha units'><div class='post-entry post-entry-type-page post-entry-42188'><div class='entry-content-wrapper clearfix'>\n\n<style type=\"text\/css\" data-created_by=\"avia_inline_auto\" id=\"style-css-av-58fpr6u-48ee9a3aa40d67af56fc7afb0e96c71e\">\n#top .hr.hr-invisible.av-58fpr6u-48ee9a3aa40d67af56fc7afb0e96c71e{\nheight:20px;\n}\n<\/style>\n<div  class='hr av-58fpr6u-48ee9a3aa40d67af56fc7afb0e96c71e hr-invisible  avia-builder-el-5  el_before_av_one_half  avia-builder-el-first '><span class='hr-inner '><span class=\"hr-inner-style\"><\/span><\/span><\/div>\n\n<style type=\"text\/css\" data-created_by=\"avia_inline_auto\" id=\"style-css-av-ldz3eguf-a93226ef72f8af699ca01c97f41e30e3\">\n#top .flex_column.av-ldz3eguf-a93226ef72f8af699ca01c97f41e30e3{\nmargin-top:0px;\nmargin-bottom:0px;\n}\n.responsive #top #wrap_all .flex_column.av-ldz3eguf-a93226ef72f8af699ca01c97f41e30e3{\nmargin-top:0px;\nmargin-bottom:0px;\n}\n<\/style>\n<div class='flex_column av-ldz3eguf-a93226ef72f8af699ca01c97f41e30e3 av_one_half  avia-builder-el-6  el_after_av_hr  el_before_av_one_half  first flex_column_div '     ><style type=\"text\/css\" data-created_by=\"avia_inline_auto\" id=\"style-css-av-ldz2l48x-d30984221f31796d7ded68b6eb6b1533\">\n#top .av_textblock_section.av-ldz2l48x-d30984221f31796d7ded68b6eb6b1533 .avia_textblock{\ncolor:#000000;\n}\n<\/style>\n<section  class='av_textblock_section av-ldz2l48x-d30984221f31796d7ded68b6eb6b1533'  itemscope=\"itemscope\" itemtype=\"https:\/\/schema.org\/BlogPosting\" itemprop=\"blogPost\" ><div class='avia_textblock av_inherit_color'  itemprop=\"text\" ><p>Centro de Experiencias Art\u00edsticas Pozu Santa B\u00e1rbara (PZSB) in Mieres (Asturias), located in La Rebaldana, Tur\u00f3n, is the first mining pit in Spain recognized as a Cultural Heritage Site (BIC) with the highest level of heritage protection since 2008. Since 2021, it has evolved into a benchmark for contemporary artistic interventions.<\/p>\n<\/div><\/section><\/div>\n<style type=\"text\/css\" data-created_by=\"avia_inline_auto\" id=\"style-css-av-3hf5sw6-e8cba92652207810c6dcf346e7943e2e\">\n#top .flex_column.av-3hf5sw6-e8cba92652207810c6dcf346e7943e2e{\nmargin-top:0px;\nmargin-bottom:0px;\n}\n.responsive #top #wrap_all .flex_column.av-3hf5sw6-e8cba92652207810c6dcf346e7943e2e{\nmargin-top:0px;\nmargin-bottom:0px;\n}\n<\/style>\n<div class='flex_column av-3hf5sw6-e8cba92652207810c6dcf346e7943e2e av_one_half  avia-builder-el-8  el_after_av_one_half  el_before_av_one_full  flex_column_div '     ><style type=\"text\/css\" data-created_by=\"avia_inline_auto\" id=\"style-css-av-ldz2j66l-655d7fb5a4368135c7c804a7445d56cc\">\n#top .av_textblock_section.av-ldz2j66l-655d7fb5a4368135c7c804a7445d56cc .avia_textblock{\ncolor:#000000;\n}\n<\/style>\n<section  class='av_textblock_section av-ldz2j66l-655d7fb5a4368135c7c804a7445d56cc'  itemscope=\"itemscope\" itemtype=\"https:\/\/schema.org\/BlogPosting\" itemprop=\"blogPost\" ><div class='avia_textblock av_inherit_color'  itemprop=\"text\" ><p><b>This space launches next Thursday, April 10th<i>Speculum<\/i>, an installation created by the SMACK art collective, formed by Ton Meijdan, Thom Snels, and B\u00e9la Zsigmond. <\/b>The project reinterprets the iconic painting <i>The Garden of Earthly Delights<\/i> (1490-1500) by Jheronimus van Aken, known as Hieronymus Bosch, which is currently in the Prado Museum. This new work adds figures from contemporary society, maintaining the critical essence about dystopian scenarios. This installation is a shocking video art triptych that brings the iconic Flemish painting to the 21st century, turning it into a mirror of today&#8217;s society. <b>The exhibition has been organized by the Town Council of Mieres and curated by L.E.V. (Laboratorio de Electr\u00f3nica Visual), with the collaboration of Onkaos, digital art area of SOLO Contemporary.<\/b><\/p>\n<\/div><\/section><\/div><div class='flex_column av-2ex8yx2-b2b69affec0bcbaf843c34b07cbbbee8 av_one_full  avia-builder-el-10  el_after_av_one_half  el_before_av_hr  first flex_column_div column-top-margin'     ><section  class='av_textblock_section av-ldsydavh-30f5cf4fc01c058214f580bc49cf1964'  itemscope=\"itemscope\" itemtype=\"https:\/\/schema.org\/BlogPosting\" itemprop=\"blogPost\" ><div class='avia_textblock'  itemprop=\"text\" ><p>Divided into <b>three panels<\/b>, the installation takes the viewer on a visual journey that reflects different scenarios of our immediate present. In <b><i>Eden<\/i><\/b>, a pastel-coloured landscape evokes a digital Silicon Valley, where technology and hyperconnectivity promise an immaterial utopia. However, the apparent calm conceals a reality controlled and constantly monitored by the power of large corporations. The screen on the left side of the triptych is dedicated to <b><i>Paradise<\/i><\/b>. Here we find characters wandering in a world dominated by an obsession with image, consumerism and superficiality. This was the first work of the triptych created by SMACK in 2016, as a commission from the Stedelijk Museum in Breda as part of the 500th anniversary of Hieronymous Bosch, later completed with the other two panels commissioned by SOLO. Finally, in the <b><i>Hell<\/i><\/b> panel, on the right, the viewer encounters a chaotic and violent vision, where punishments are directly linked to the excesses of the digital age: overexposure on social media, addiction to algorithms, and massive control of information.<\/p>\n<\/div><\/section><\/div>\n<style type=\"text\/css\" data-created_by=\"avia_inline_auto\" id=\"style-css-av-43uyqh2-d9ff84019f4a108a7500be66b1f8b804\">\n#top .hr.hr-invisible.av-43uyqh2-d9ff84019f4a108a7500be66b1f8b804{\nheight:20px;\n}\n<\/style>\n<div  class='hr av-43uyqh2-d9ff84019f4a108a7500be66b1f8b804 hr-invisible  avia-builder-el-12  el_after_av_one_full  el_before_av_video '><span class='hr-inner '><span class=\"hr-inner-style\"><\/span><\/span><\/div>\n<div  class='avia-video av-ldsygv79-6b95d1976645cae1ba02bfb7f0a4b694 avia-video-16-9 av-no-preview-image avia-video-load-always av-lazyload-immediate av-lazyload-video-embed'  itemprop=\"video\" itemtype=\"https:\/\/schema.org\/VideoObject\"  data-original_url='https:\/\/vimeo.com\/1076808831'><script type='text\/html' class='av-video-tmpl'><div class='avia-iframe-wrap'><iframe loading=\"lazy\" title=\"SMACK: Speculum | Pozu Santa B\u00e1rbara, Mieres\" src=\"https:\/\/player.vimeo.com\/video\/1076808831?dnt=1&amp;app_id=122963&autoplay=0&loop=0&controls=1&muted=0\" width=\"1500\" height=\"844\" frameborder=\"0\" allow=\"autoplay; fullscreen; picture-in-picture; clipboard-write; encrypted-media\"><\/iframe><\/div><\/script><div class='av-click-to-play-overlay'><div class=\"avia_playpause_icon\"><\/div><\/div><\/div>\n<div  class='avia-video av-av_video-13dea656ca021b744d194daabf3cd7fc avia-video-16-9 av-no-preview-image avia-video-load-always av-lazyload-immediate av-lazyload-video-embed'  itemprop=\"video\" itemtype=\"https:\/\/schema.org\/VideoObject\"  data-original_url='https:\/\/vimeo.com\/1066557566\/e9b138a1c0'><script type='text\/html' class='av-video-tmpl'><div class='avia-iframe-wrap'><iframe loading=\"lazy\" title=\"SMACK: Speculum | Pozu Santa B\u00e1rbara, Mieres \u00b7 TEASER\" src=\"https:\/\/player.vimeo.com\/video\/1066557566?dnt=1&amp;app_id=122963&autoplay=0&loop=0&controls=1&muted=0\" width=\"1500\" height=\"844\" frameborder=\"0\" allow=\"autoplay; fullscreen; picture-in-picture; clipboard-write; encrypted-media\"><\/iframe><\/div><\/script><div class='av-click-to-play-overlay'><div class=\"avia_playpause_icon\"><\/div><\/div><\/div>\n\n<style type=\"text\/css\" data-created_by=\"avia_inline_auto\" id=\"style-css-av-3lsc8li-04624abe2d066da414468966b4ad2861\">\n#top .hr.hr-invisible.av-3lsc8li-04624abe2d066da414468966b4ad2861{\nheight:20px;\n}\n<\/style>\n<div  class='hr av-3lsc8li-04624abe2d066da414468966b4ad2861 hr-invisible  avia-builder-el-15  el_after_av_video  el_before_av_textblock '><span class='hr-inner '><span class=\"hr-inner-style\"><\/span><\/span><\/div>\n<section  class='av_textblock_section av-ldsyhj9g-10134f577465c3f6c66b769de2368c90'  itemscope=\"itemscope\" itemtype=\"https:\/\/schema.org\/BlogPosting\" itemprop=\"blogPost\" ><div class='avia_textblock'  itemprop=\"text\" ><p>The installation closes with two large screens flanking the shocking digital triptych, where six archetypal characters parade: <b>BIG DADA, CYBERBULLY, DYNAMO TWINS, CRAPIVORE, EGONAUT, and MOTHER<\/b>. Each of them is meticulously characterized, reflecting different aspects of our hyperconnected society.<\/p>\n<p>In this contemporary version of <b>Dante&#8217;s Inferno<\/b>, where punishment reflects sin, <i>Cyberbully<\/i> shows an Internet troll trapped and tormented within a giant hashtag, while in <i>Big Dada<\/i>, surveillance cameras rebel against their own creator.<\/p>\n<p>The obsession with online identity and digital narcissism are captured in <i>Egonaut<\/i> and in many other figures that inhabit the side screens. <i>Dynamo Twins<\/i> represents the relentless wheel of tireless work, while <i>Crapivore<\/i> personifies a creature composed entirely of ultra-processed products. Meanwhile, <i>Mother<\/i> is shown as a feminized body that expels and welcomes characters, all controlled by a central entity.<\/p>\n<p>This haunting collection of images distills contemporary unease through unsettling portraits. <b>The work delves into issues such as isolation, mass behavior and interdependence in a world dominated by technology and consumption<\/b>.<\/p>\n<p>The characters shown come from the <i>Paradise<\/i> and <i>Hell<\/i> installations, and portray a dystopian world marked by technological invasion and rampant consumerism. The artists extract individual figures from their complex visual universe, giving them greater prominence.<\/p>\n<\/div><\/section>\n\n<style type=\"text\/css\" data-created_by=\"avia_inline_auto\" id=\"style-css-av-1iqctxn-0c51e7e96e8379eac20dc212f88b4a6f\">\n#top .hr.hr-invisible.av-1iqctxn-0c51e7e96e8379eac20dc212f88b4a6f{\nheight:20px;\n}\n<\/style>\n<div  class='hr av-1iqctxn-0c51e7e96e8379eac20dc212f88b4a6f hr-invisible  avia-builder-el-17  el_after_av_textblock  el_before_av_one_third '><span class='hr-inner '><span class=\"hr-inner-style\"><\/span><\/span><\/div>\n\n<style type=\"text\/css\" data-created_by=\"avia_inline_auto\" id=\"style-css-av-s9xpdn-0f555dcedafa10d1c13968f0971198df\">\n.flex_column.av-s9xpdn-0f555dcedafa10d1c13968f0971198df{\nwidth:32%;\n}\n<\/style>\n<div class='flex_column av-s9xpdn-0f555dcedafa10d1c13968f0971198df av_one_third  avia-builder-el-18  el_after_av_hr  el_before_av_one_third  first flex_column_div '     ><style type=\"text\/css\" data-created_by=\"avia_inline_auto\" id=\"style-css-av-m8epsmsn-4234e930c871714542bf5d37619d93d5\">\n.avia-image-container.av-m8epsmsn-4234e930c871714542bf5d37619d93d5 img.avia_image{\nbox-shadow:none;\n}\n.avia-image-container.av-m8epsmsn-4234e930c871714542bf5d37619d93d5 .av-image-caption-overlay-center{\ncolor:#ffffff;\n}\n<\/style>\n<div  class='avia-image-container av-m8epsmsn-4234e930c871714542bf5d37619d93d5 av-styling- avia-align-center  avia-builder-el-19  avia-builder-el-no-sibling '   itemprop=\"image\" itemscope=\"itemscope\" itemtype=\"https:\/\/schema.org\/ImageObject\" ><div class=\"avia-image-container-inner\"><div class=\"avia-image-overlay-wrap\"><img decoding=\"async\" class='wp-image-42193 avia-img-lazy-loading-not-42193 avia_image ' src=\"https:\/\/levfestival.com\/wp-content\/uploads\/2025\/03\/Speculum_BIG-DADA.jpg\" alt='' title='Speculum_BIG DADA'  height=\"2133\" width=\"1200\"  itemprop=\"thumbnailUrl\" srcset=\"https:\/\/levfestival.com\/wp-content\/uploads\/2025\/03\/Speculum_BIG-DADA.jpg 1200w, https:\/\/levfestival.com\/wp-content\/uploads\/2025\/03\/Speculum_BIG-DADA-169x300.jpg 169w, https:\/\/levfestival.com\/wp-content\/uploads\/2025\/03\/Speculum_BIG-DADA-579x1030.jpg 579w, https:\/\/levfestival.com\/wp-content\/uploads\/2025\/03\/Speculum_BIG-DADA-768x1365.jpg 768w, https:\/\/levfestival.com\/wp-content\/uploads\/2025\/03\/Speculum_BIG-DADA-864x1536.jpg 864w, https:\/\/levfestival.com\/wp-content\/uploads\/2025\/03\/Speculum_BIG-DADA-1152x2048.jpg 1152w, https:\/\/levfestival.com\/wp-content\/uploads\/2025\/03\/Speculum_BIG-DADA-844x1500.jpg 844w, https:\/\/levfestival.com\/wp-content\/uploads\/2025\/03\/Speculum_BIG-DADA-397x705.jpg 397w\" sizes=\"(max-width: 1200px) 100vw, 1200px\" \/><\/div><\/div><\/div><\/div>\n<style type=\"text\/css\" data-created_by=\"avia_inline_auto\" id=\"style-css-av-19p5vbf-45d42da4c726706118f702a02a69d37f\">\n.flex_column.av-19p5vbf-45d42da4c726706118f702a02a69d37f{\nwidth:32%;\nmargin-left:2%;\n}\n<\/style>\n<div class='flex_column av-19p5vbf-45d42da4c726706118f702a02a69d37f av_one_third  avia-builder-el-20  el_after_av_one_third  el_before_av_one_third  flex_column_div '     ><style type=\"text\/css\" data-created_by=\"avia_inline_auto\" id=\"style-css-av-m8epsyfm-d99a403594062d81c6b146de53c8a6b7\">\n.avia-image-container.av-m8epsyfm-d99a403594062d81c6b146de53c8a6b7 img.avia_image{\nbox-shadow:none;\n}\n.avia-image-container.av-m8epsyfm-d99a403594062d81c6b146de53c8a6b7 .av-image-caption-overlay-center{\ncolor:#ffffff;\n}\n<\/style>\n<div  class='avia-image-container av-m8epsyfm-d99a403594062d81c6b146de53c8a6b7 av-styling- avia-align-center  avia-builder-el-21  avia-builder-el-no-sibling '   itemprop=\"image\" itemscope=\"itemscope\" itemtype=\"https:\/\/schema.org\/ImageObject\" ><div class=\"avia-image-container-inner\"><div class=\"avia-image-overlay-wrap\"><img decoding=\"async\" class='wp-image-42197 avia-img-lazy-loading-not-42197 avia_image ' src=\"https:\/\/levfestival.com\/wp-content\/uploads\/2025\/03\/Speculum_CRAPIVORE.jpg\" alt='' title='Speculum_CRAPIVORE'  height=\"2133\" width=\"1200\"  itemprop=\"thumbnailUrl\" srcset=\"https:\/\/levfestival.com\/wp-content\/uploads\/2025\/03\/Speculum_CRAPIVORE.jpg 1200w, https:\/\/levfestival.com\/wp-content\/uploads\/2025\/03\/Speculum_CRAPIVORE-169x300.jpg 169w, https:\/\/levfestival.com\/wp-content\/uploads\/2025\/03\/Speculum_CRAPIVORE-579x1030.jpg 579w, https:\/\/levfestival.com\/wp-content\/uploads\/2025\/03\/Speculum_CRAPIVORE-768x1365.jpg 768w, https:\/\/levfestival.com\/wp-content\/uploads\/2025\/03\/Speculum_CRAPIVORE-864x1536.jpg 864w, https:\/\/levfestival.com\/wp-content\/uploads\/2025\/03\/Speculum_CRAPIVORE-1152x2048.jpg 1152w, https:\/\/levfestival.com\/wp-content\/uploads\/2025\/03\/Speculum_CRAPIVORE-844x1500.jpg 844w, https:\/\/levfestival.com\/wp-content\/uploads\/2025\/03\/Speculum_CRAPIVORE-397x705.jpg 397w\" sizes=\"(max-width: 1200px) 100vw, 1200px\" \/><\/div><\/div><\/div><\/div>\n<style type=\"text\/css\" data-created_by=\"avia_inline_auto\" id=\"style-css-av-mbu8dn-5c1a815b7e7de12a23a4c13f7227490a\">\n.flex_column.av-mbu8dn-5c1a815b7e7de12a23a4c13f7227490a{\nwidth:32%;\nmargin-left:2%;\n}\n<\/style>\n<div class='flex_column av-mbu8dn-5c1a815b7e7de12a23a4c13f7227490a av_one_third  avia-builder-el-22  el_after_av_one_third  el_before_av_hr  flex_column_div '     ><style type=\"text\/css\" data-created_by=\"avia_inline_auto\" id=\"style-css-av-m8ept43k-430040996813b6abd578e53909153581\">\n.avia-image-container.av-m8ept43k-430040996813b6abd578e53909153581 img.avia_image{\nbox-shadow:none;\n}\n.avia-image-container.av-m8ept43k-430040996813b6abd578e53909153581 .av-image-caption-overlay-center{\ncolor:#ffffff;\n}\n<\/style>\n<div  class='avia-image-container av-m8ept43k-430040996813b6abd578e53909153581 av-styling- avia-align-center  avia-builder-el-23  avia-builder-el-no-sibling '   itemprop=\"image\" itemscope=\"itemscope\" itemtype=\"https:\/\/schema.org\/ImageObject\" ><div class=\"avia-image-container-inner\"><div class=\"avia-image-overlay-wrap\"><img decoding=\"async\" class='wp-image-42195 avia-img-lazy-loading-not-42195 avia_image ' src=\"https:\/\/levfestival.com\/wp-content\/uploads\/2025\/03\/Speculum_MOTHER.jpg\" alt='' title='Speculum_MOTHER'  height=\"2133\" width=\"1200\"  itemprop=\"thumbnailUrl\" srcset=\"https:\/\/levfestival.com\/wp-content\/uploads\/2025\/03\/Speculum_MOTHER.jpg 1200w, https:\/\/levfestival.com\/wp-content\/uploads\/2025\/03\/Speculum_MOTHER-169x300.jpg 169w, https:\/\/levfestival.com\/wp-content\/uploads\/2025\/03\/Speculum_MOTHER-579x1030.jpg 579w, https:\/\/levfestival.com\/wp-content\/uploads\/2025\/03\/Speculum_MOTHER-768x1365.jpg 768w, https:\/\/levfestival.com\/wp-content\/uploads\/2025\/03\/Speculum_MOTHER-864x1536.jpg 864w, https:\/\/levfestival.com\/wp-content\/uploads\/2025\/03\/Speculum_MOTHER-1152x2048.jpg 1152w, https:\/\/levfestival.com\/wp-content\/uploads\/2025\/03\/Speculum_MOTHER-844x1500.jpg 844w, https:\/\/levfestival.com\/wp-content\/uploads\/2025\/03\/Speculum_MOTHER-397x705.jpg 397w\" sizes=\"(max-width: 1200px) 100vw, 1200px\" \/><\/div><\/div><\/div><\/div>\n<style type=\"text\/css\" data-created_by=\"avia_inline_auto\" id=\"style-css-av-1bdtxq3-fea81f532168c1e5a61bdf8c17429d3b\">\n#top .hr.hr-invisible.av-1bdtxq3-fea81f532168c1e5a61bdf8c17429d3b{\nheight:20px;\n}\n<\/style>\n<div  class='hr av-1bdtxq3-fea81f532168c1e5a61bdf8c17429d3b hr-invisible  avia-builder-el-24  el_after_av_one_third  el_before_av_one_full '><span class='hr-inner '><span class=\"hr-inner-style\"><\/span><\/span><\/div>\n\n<style type=\"text\/css\" data-created_by=\"avia_inline_auto\" id=\"style-css-av-nqqsgr-ed69df5638d280784f402f4527c18690\">\n#top .flex_column.av-nqqsgr-ed69df5638d280784f402f4527c18690{\nmargin-top:20px;\nmargin-bottom:0px;\n}\n.flex_column.av-nqqsgr-ed69df5638d280784f402f4527c18690{\nwidth:100%;\n}\n.responsive #top #wrap_all .flex_column.av-nqqsgr-ed69df5638d280784f402f4527c18690{\nmargin-top:20px;\nmargin-bottom:0px;\n}\n<\/style>\n<div class='flex_column av-nqqsgr-ed69df5638d280784f402f4527c18690 av_one_full  avia-builder-el-25  el_after_av_hr  el_before_av_one_half  first flex_column_div '     ><section  class='av_textblock_section av-ldsyk7k0-7b26ef7f5bac71b5b1b06a909d94cdf6'  itemscope=\"itemscope\" itemtype=\"https:\/\/schema.org\/BlogPosting\" itemprop=\"blogPost\" ><div class='avia_textblock'  itemprop=\"text\" ><p>Following the composition and perspective of classical Renaissance painting, SMACK&#8217;s portraits place the characters in monumental and evocative landscapes: rocky mountains, fiery skies and geometric gardens that reinforce the depth and drama of each image. It is relevant that none of these figures returns the viewer&#8217;s gaze, which generates an unsettling sense of voyeurism about them. They are undoubtedly fragments of a mirror in which the unease of our time is reflected.<\/p>\n<p><b>SMACK&#8217;s work confronts us with a fascinating, disturbing universe in which technology and society intertwine in an implacable portrait of our time.<\/b><\/p>\n<\/div><\/section><\/div>\n<style type=\"text\/css\" data-created_by=\"avia_inline_auto\" id=\"style-css-av-m8eqrfll-37daa067acc0bb7cd7606fd38e300a1f\">\n.flex_column.av-m8eqrfll-37daa067acc0bb7cd7606fd38e300a1f{\nwidth:49%;\n}\n<\/style>\n<div class='flex_column av-m8eqrfll-37daa067acc0bb7cd7606fd38e300a1f av_one_half  avia-builder-el-27  el_after_av_one_full  el_before_av_one_half  first flex_column_div column-top-margin'     ><p>\n<style type=\"text\/css\" data-created_by=\"avia_inline_auto\" id=\"style-css-av-m7uo7si4-25ee79a94d593fd0ca246e0fff73d727\">\n#top .av-special-heading.av-m7uo7si4-25ee79a94d593fd0ca246e0fff73d727{\npadding-bottom:10px;\n}\nbody .av-special-heading.av-m7uo7si4-25ee79a94d593fd0ca246e0fff73d727 .av-special-heading-tag .heading-char{\nfont-size:25px;\n}\n.av-special-heading.av-m7uo7si4-25ee79a94d593fd0ca246e0fff73d727 .av-subheading{\nfont-size:15px;\n}\n<\/style>\n<div  class='av-special-heading av-m7uo7si4-25ee79a94d593fd0ca246e0fff73d727 av-special-heading-h1 custom-color-heading blockquote modern-quote  avia-builder-el-28  el_before_av_textblock  avia-builder-el-first  subhead-naranja'><h1 class='av-special-heading-tag'  itemprop=\"headline\"  >About SMACK_<\/h1><div class=\"special-heading-border\"><div class=\"special-heading-inner-border\"><\/div><\/div><\/div><br \/>\n<section  class='av_textblock_section av-m8epzz0j-b0e5b0b864f2855f0466e3b8a57a5239'  itemscope=\"itemscope\" itemtype=\"https:\/\/schema.org\/BlogPosting\" itemprop=\"blogPost\" ><div class='avia_textblock'  itemprop=\"text\" ><p><b>SMACK <\/b>is a collaboration among artists Ton Meijdam (Geldermalsen, Netherlands, 1973), Thom Snels (Tilburg, Netherlands, 1978), and B\u00e9la Zsigmond (Budapest, Hungary, 1975). This artistic collective, based in Breda, uses 3D animation to create figurative videos that explore collective behavior, digital identity, surveillance culture, and the omnipresence of brands.<\/p>\n<p>They began working together in 2005 after completing their studies at the St. Joost School of Art &amp; Design (AKV). Their insightful animations have been awarded numerous prizes, including the <i>Amsterdam Film Experience<\/i>, the European Design Awards, and the <i>UK Music Video Awards<\/i>. In 2017, they produced a solo show of their work titled <i>Dreaming of Mass Behaviour<\/i>, which took place in Breda. Their projects have been exhibited in the UK, Netherlands, Korea, Brazil, Germany, China, Vietnam, France, and USA, among others.<\/p>\n<p><b>Arranged by:<\/b> Mieres Town Council<br \/>\n<b>Curated by:<\/b> L.E.V. Laboratorio de Electr\u00f3nica Visual<br \/>\n<b>With the support of:<\/b> Onkaos<\/p>\n<\/div><\/section><\/p><\/div>\n<style type=\"text\/css\" data-created_by=\"avia_inline_auto\" id=\"style-css-av-zz0ubf-b396dc6bf675dc0b26b3348e33485e33\">\n.flex_column.av-zz0ubf-b396dc6bf675dc0b26b3348e33485e33{\nwidth:49%;\nmargin-left:2%;\n}\n<\/style>\n<div class='flex_column av-zz0ubf-b396dc6bf675dc0b26b3348e33485e33 av_one_half  avia-builder-el-30  el_after_av_one_half  el_before_av_hr  flex_column_div column-top-margin'     ><\/div>\n<style type=\"text\/css\" data-created_by=\"avia_inline_auto\" id=\"style-css-av-m7uo5b1c-6bb8afa2774465e105f409871c9bc9ea\">\n#top .hr.hr-invisible.av-m7uo5b1c-6bb8afa2774465e105f409871c9bc9ea{\nheight:50px;\n}\n<\/style>\n<div  class='hr av-m7uo5b1c-6bb8afa2774465e105f409871c9bc9ea hr-invisible  avia-builder-el-31  el_after_av_one_half  el_before_av_one_half '><span class='hr-inner '><span class=\"hr-inner-style\"><\/span><\/span><\/div>\n<div class='flex_column_table av-m7unn1xy-bc6c8cb8d51e45189577fefb60a21100 sc-av_one_half av-equal-height-column-flextable'>\n<style type=\"text\/css\" data-created_by=\"avia_inline_auto\" id=\"style-css-av-m7unn1xy-bc6c8cb8d51e45189577fefb60a21100\">\n#top .flex_column_table.av-equal-height-column-flextable.av-m7unn1xy-bc6c8cb8d51e45189577fefb60a21100{\nmargin-top:0px;\nmargin-bottom:0px;\n}\n.flex_column.av-m7unn1xy-bc6c8cb8d51e45189577fefb60a21100{\nwidth:49%;\nmargin-left:0;\n}\n#top .flex_column_table.av-equal-height-column-flextable.av-m7unn1xy-bc6c8cb8d51e45189577fefb60a21100 .av-flex-placeholder{\nwidth:2%;\n}\n<\/style>\n<div class='flex_column av-m7unn1xy-bc6c8cb8d51e45189577fefb60a21100 av_one_half  avia-builder-el-32  el_after_av_hr  el_before_av_one_half  first flex_column_table_cell av-equal-height-column av-align-middle '     ><style type=\"text\/css\" data-created_by=\"avia_inline_auto\" id=\"style-css-av-ldt0jisc-62e524a1f66d9fa72541b0cde0fc9dd4\">\n.avia-image-container.av-ldt0jisc-62e524a1f66d9fa72541b0cde0fc9dd4 img.avia_image{\nbox-shadow:none;\n}\n.avia-image-container.av-ldt0jisc-62e524a1f66d9fa72541b0cde0fc9dd4 .av-image-caption-overlay-center{\ncolor:#ffffff;\n}\n<\/style>\n<div  class='avia-image-container av-ldt0jisc-62e524a1f66d9fa72541b0cde0fc9dd4 av-styling- avia-align-center  avia-builder-el-33  avia-builder-el-no-sibling '   itemprop=\"image\" itemscope=\"itemscope\" itemtype=\"https:\/\/schema.org\/ImageObject\" ><div class=\"avia-image-container-inner\"><div class=\"avia-image-overlay-wrap\"><img decoding=\"async\" class='wp-image-42199 avia-img-lazy-loading-not-42199 avia_image ' src=\"https:\/\/levfestival.com\/wp-content\/uploads\/2025\/03\/A3_SMACK_ES_FRASE_opt.jpg\" alt='' title='A3_SMACK_ES_FRASE_opt'  height=\"1697\" width=\"1200\"  itemprop=\"thumbnailUrl\" srcset=\"https:\/\/levfestival.com\/wp-content\/uploads\/2025\/03\/A3_SMACK_ES_FRASE_opt.jpg 1200w, https:\/\/levfestival.com\/wp-content\/uploads\/2025\/03\/A3_SMACK_ES_FRASE_opt-212x300.jpg 212w, https:\/\/levfestival.com\/wp-content\/uploads\/2025\/03\/A3_SMACK_ES_FRASE_opt-728x1030.jpg 728w, https:\/\/levfestival.com\/wp-content\/uploads\/2025\/03\/A3_SMACK_ES_FRASE_opt-768x1086.jpg 768w, https:\/\/levfestival.com\/wp-content\/uploads\/2025\/03\/A3_SMACK_ES_FRASE_opt-1086x1536.jpg 1086w, https:\/\/levfestival.com\/wp-content\/uploads\/2025\/03\/A3_SMACK_ES_FRASE_opt-1061x1500.jpg 1061w, https:\/\/levfestival.com\/wp-content\/uploads\/2025\/03\/A3_SMACK_ES_FRASE_opt-499x705.jpg 499w\" sizes=\"(max-width: 1200px) 100vw, 1200px\" \/><\/div><\/div><\/div><\/div><div class='av-flex-placeholder'><\/div>\n<style type=\"text\/css\" data-created_by=\"avia_inline_auto\" id=\"style-css-av-934n8ez-f94a7ea2a9d656342fa8af315a05f05b\">\n#top .flex_column_table.av-equal-height-column-flextable.av-934n8ez-f94a7ea2a9d656342fa8af315a05f05b{\nmargin-top:0px;\nmargin-bottom:0px;\n}\n.flex_column.av-934n8ez-f94a7ea2a9d656342fa8af315a05f05b{\nwidth:49%;\nmargin-left:0;\n}\n#top .flex_column_table.av-equal-height-column-flextable.av-934n8ez-f94a7ea2a9d656342fa8af315a05f05b .av-flex-placeholder{\nwidth:2%;\n}\n<\/style>\n<div class='flex_column av-934n8ez-f94a7ea2a9d656342fa8af315a05f05b av_one_half  avia-builder-el-34  el_after_av_one_half  el_before_av_hr  flex_column_table_cell av-equal-height-column av-align-middle '     ><p>\n<style type=\"text\/css\" data-created_by=\"avia_inline_auto\" id=\"style-css-av-m8eqo3tq-dffcf319ffe9fba8969503d93da62c5f\">\n#top .av-special-heading.av-m8eqo3tq-dffcf319ffe9fba8969503d93da62c5f{\npadding-bottom:10px;\n}\nbody .av-special-heading.av-m8eqo3tq-dffcf319ffe9fba8969503d93da62c5f .av-special-heading-tag .heading-char{\nfont-size:25px;\n}\n.av-special-heading.av-m8eqo3tq-dffcf319ffe9fba8969503d93da62c5f .av-subheading{\nfont-size:15px;\n}\n<\/style>\n<div  class='av-special-heading av-m8eqo3tq-dffcf319ffe9fba8969503d93da62c5f av-special-heading-h3 blockquote modern-quote  avia-builder-el-35  el_before_av_textblock  avia-builder-el-first  head-naranja'><h3 class='av-special-heading-tag'  itemprop=\"headline\"  >FREE GUIDED TOURS:<\/h3><div class=\"special-heading-border\"><div class=\"special-heading-inner-border\"><\/div><\/div><\/div><br \/>\n<section  class='av_textblock_section av-m8eqlo39-89eb94bc10f3896692fa40cb1ca8bf6a'  itemscope=\"itemscope\" itemtype=\"https:\/\/schema.org\/BlogPosting\" itemprop=\"blogPost\" ><div class='avia_textblock'  itemprop=\"text\" ><p>Within the framework of the exhibition, the center offers several free guided tours for the months of April and May that will allow the public to immerse themselves in the piece and discover its creation process, as well as learn about the history of the space that houses it and its surroundings, heritage, and history.<\/p>\n<p><b>Dates and registration (essential) at:<\/b><\/p>\n<p>(will be available next Thursday, April 24, at 8:30 pm).<\/p>\n<p><strong><a href=\"https:\/\/www.mieres.es\/evento\/visita-guiada-al-pozu-santa-barbara-y-a-la-intervencion-speculum-del-colectivo-de-artistas-smack-5\/\">Sunday, 8 june, 13:00h. SOLD OUT<\/a><br \/>\n<a href=\"https:\/\/www.mieres.es\/evento\/visita-guiada-al-pozu-santa-barbara-y-a-la-intervencion-speculum-del-colectivo-de-artistas-smack-6\/\">Sunday, 15 june, 13:00h. SOLD OUT<\/a><br \/>\nSaturday, 5 july, 19:00h. <a href=\"https:\/\/www.mieres.es\/evento\/visita-guiada-al-pozu-santa-barbara-y-a-la-intervencion-speculum-del-colectivo-de-artistas-smack-7\/\">SOLD OUT<\/a><\/strong><\/p>\n<p><b>Location:<\/b> Pozu Santa B\u00e1rbara. La Rebaldana, Tur\u00f3n (Mieres, Asturias)<br \/>\n<b>Duration of visit:<\/b> 1 hour 30 minutes<\/p>\n<p><b>Limited places<\/b><\/p>\n<\/div><\/section><br \/>\n\n<style type=\"text\/css\" data-created_by=\"avia_inline_auto\" id=\"style-css-av-m8eqoi87-9989e78c9eb97c125ba9a4f28348cf0c\">\n#top .av-special-heading.av-m8eqoi87-9989e78c9eb97c125ba9a4f28348cf0c{\npadding-bottom:10px;\n}\nbody .av-special-heading.av-m8eqoi87-9989e78c9eb97c125ba9a4f28348cf0c .av-special-heading-tag .heading-char{\nfont-size:25px;\n}\n.av-special-heading.av-m8eqoi87-9989e78c9eb97c125ba9a4f28348cf0c .av-subheading{\nfont-size:15px;\n}\n<\/style>\n<div  class='av-special-heading av-m8eqoi87-9989e78c9eb97c125ba9a4f28348cf0c av-special-heading-h3 blockquote modern-quote  avia-builder-el-37  el_after_av_textblock  el_before_av_textblock  head-naranja'><h3 class='av-special-heading-tag'  itemprop=\"headline\"  >USEFUL INFORMATION:<\/h3><div class=\"special-heading-border\"><div class=\"special-heading-inner-border\"><\/div><\/div><\/div><br \/>\n<section  class='av_textblock_section av-m7uni4g6-98476eac110b3bad49d511c9630671d3'  itemscope=\"itemscope\" itemtype=\"https:\/\/schema.org\/BlogPosting\" itemprop=\"blogPost\" ><div class='avia_textblock'  itemprop=\"text\" ><p><b>Location:<\/b> Pozu Santa B\u00e1rbara, La Rebaldana, Tur\u00f3n (Mieres, Asturias)<\/p>\n<p><b>Dates: <\/b>From April 10 to July 13<\/p>\n<p><b>Schedule: <\/b>Wednesdays, Thursdays, and Fridays: 4:30 PM to 9:00 PM<br \/>\nSaturdays, Sundays, and holidays: 11:00 AM to 2:00 PM and 4:30 PM to 9:00 PM (June 24th closed)<\/p>\n<p><b>Free entrance<\/b><\/p>\n<p><b>Recommended transport:<\/b><\/p>\n<p><b>Public bus Emutsa<\/b>. Stop PZSB: La Rebaldana (down) <a href=\"https:\/\/www.mieres.es\/areas-municipales\/transportes-emutsa\/linea-1-mieres-santandres\/\">+INFO<\/a><br \/>\n<b>By car<\/b> (free parking)<br \/>\n<b>Access by foot or bicycle <\/b>Senda Verde de Tur\u00f3n P.R. AS-100.1 <a href=\"https:\/\/www.mieres.es\/turismo\/naturaleza\/rutas-de-senderismo\/senda-verde-turon-p-r-as-100-1\/\">+INFO<\/a><\/p>\n<\/div><\/section><\/p><\/div><\/div><!--close column table wrapper. Autoclose: 1 -->\n<style type=\"text\/css\" data-created_by=\"avia_inline_auto\" id=\"style-css-av-m7uo5yy4-f0abb2d6b5f42bc426178efe17bfa7c7\">\n#top .hr.hr-invisible.av-m7uo5yy4-f0abb2d6b5f42bc426178efe17bfa7c7{\nheight:50px;\n}\n<\/style>\n<div  class='hr av-m7uo5yy4-f0abb2d6b5f42bc426178efe17bfa7c7 hr-invisible  avia-builder-el-39  el_after_av_one_half  avia-builder-el-last '><span class='hr-inner '><span class=\"hr-inner-style\"><\/span><\/span><\/div>\n\n","protected":false},"excerpt":{"rendered":"","protected":false},"author":1,"featured_media":42235,"comment_status":"closed","ping_status":"open","sticky":false,"template":"","format":"standard","meta":{"footnotes":""},"categories":[126,105],"tags":[],"class_list":["post-42188","post","type-post","status-publish","format-standard","has-post-thumbnail","hentry","category-agenda","category-l-e-v-en"],"yoast_head":"<!-- This site is optimized with the Yoast SEO plugin v20.7 - https:\/\/yoast.com\/wordpress\/plugins\/seo\/ -->\n<title>Pozu Santa B\u00e1rbara in Mieres launches the installation SPECULUM SMACK art collective - LEV Festival<\/title>\n<meta name=\"robots\" content=\"index, follow, max-snippet:-1, max-image-preview:large, max-video-preview:-1\" \/>\n<link rel=\"canonical\" href=\"https:\/\/levfestival.com\/el-pozu-santa-barbara-de-mieres-inaugura-la-instalacion-speculum-del-colectivo-de-artistas-smack\/\" \/>\n<meta property=\"og:locale\" content=\"en_US\" \/>\n<meta property=\"og:type\" content=\"article\" \/>\n<meta property=\"og:title\" content=\"Pozu Santa B\u00e1rbara in Mieres launches the installation SPECULUM SMACK art collective - LEV Festival\" \/>\n<meta property=\"og:url\" content=\"https:\/\/levfestival.com\/el-pozu-santa-barbara-de-mieres-inaugura-la-instalacion-speculum-del-colectivo-de-artistas-smack\/\" \/>\n<meta property=\"og:site_name\" content=\"LEV Festival\" \/>\n<meta property=\"article:published_time\" content=\"2025-03-20T06:00:14+00:00\" \/>\n<meta property=\"article:modified_time\" content=\"2025-06-02T17:33:40+00:00\" \/>\n<meta property=\"og:image\" content=\"https:\/\/levfestival.com\/wp-content\/uploads\/2025\/03\/Noticia-Miniatura_smack.jpg\" \/>\n\t<meta property=\"og:image:width\" content=\"1200\" \/>\n\t<meta property=\"og:image:height\" content=\"844\" \/>\n\t<meta property=\"og:image:type\" content=\"image\/jpeg\" \/>\n<meta name=\"author\" content=\"Humme\" \/>\n<meta name=\"twitter:card\" content=\"summary_large_image\" \/>\n<meta name=\"twitter:label1\" content=\"Written by\" \/>\n\t<meta name=\"twitter:data1\" content=\"Humme\" \/>\n\t<meta name=\"twitter:label2\" content=\"Est. reading time\" \/>\n\t<meta name=\"twitter:data2\" content=\"16 minutes\" \/>\n<script type=\"application\/ld+json\" class=\"yoast-schema-graph\">{\"@context\":\"https:\/\/schema.org\",\"@graph\":[{\"@type\":\"WebPage\",\"@id\":\"https:\/\/levfestival.com\/el-pozu-santa-barbara-de-mieres-inaugura-la-instalacion-speculum-del-colectivo-de-artistas-smack\/\",\"url\":\"https:\/\/levfestival.com\/el-pozu-santa-barbara-de-mieres-inaugura-la-instalacion-speculum-del-colectivo-de-artistas-smack\/\",\"name\":\"Pozu Santa B\u00e1rbara in Mieres launches the installation SPECULUM SMACK art collective - LEV Festival\",\"isPartOf\":{\"@id\":\"https:\/\/levfestival.com\/#website\"},\"datePublished\":\"2025-03-20T06:00:14+00:00\",\"dateModified\":\"2025-06-02T17:33:40+00:00\",\"author\":{\"@id\":\"https:\/\/levfestival.com\/#\/schema\/person\/e2142c72a7272670c965c75a56382bcf\"},\"inLanguage\":\"en-US\",\"potentialAction\":[{\"@type\":\"ReadAction\",\"target\":[\"https:\/\/levfestival.com\/el-pozu-santa-barbara-de-mieres-inaugura-la-instalacion-speculum-del-colectivo-de-artistas-smack\/\"]}]},{\"@type\":\"WebSite\",\"@id\":\"https:\/\/levfestival.com\/#website\",\"url\":\"https:\/\/levfestival.com\/\",\"name\":\"LEV Festival\",\"description\":\"LEV\",\"potentialAction\":[{\"@type\":\"SearchAction\",\"target\":{\"@type\":\"EntryPoint\",\"urlTemplate\":\"https:\/\/levfestival.com\/?s={search_term_string}\"},\"query-input\":\"required name=search_term_string\"}],\"inLanguage\":\"en-US\"},{\"@type\":\"Person\",\"@id\":\"https:\/\/levfestival.com\/#\/schema\/person\/e2142c72a7272670c965c75a56382bcf\",\"name\":\"Humme\",\"image\":{\"@type\":\"ImageObject\",\"inLanguage\":\"en-US\",\"@id\":\"https:\/\/levfestival.com\/#\/schema\/person\/image\/\",\"url\":\"https:\/\/secure.gravatar.com\/avatar\/c27bb9a5fc06001117e06658d7a38b765cd67431eeb3ce3eeb3aedae32d683ee?s=96&d=mm&r=g\",\"contentUrl\":\"https:\/\/secure.gravatar.com\/avatar\/c27bb9a5fc06001117e06658d7a38b765cd67431eeb3ce3eeb3aedae32d683ee?s=96&d=mm&r=g\",\"caption\":\"Humme\"},\"sameAs\":[\"https:\/\/levfestival.com\/lev\"],\"url\":\"https:\/\/levfestival.com\/en\/author\/humme\/\"}]}<\/script>\n<!-- \/ Yoast SEO plugin. -->","yoast_head_json":{"title":"Pozu Santa B\u00e1rbara in Mieres launches the installation SPECULUM SMACK art collective - LEV Festival","robots":{"index":"index","follow":"follow","max-snippet":"max-snippet:-1","max-image-preview":"max-image-preview:large","max-video-preview":"max-video-preview:-1"},"canonical":"https:\/\/levfestival.com\/el-pozu-santa-barbara-de-mieres-inaugura-la-instalacion-speculum-del-colectivo-de-artistas-smack\/","og_locale":"en_US","og_type":"article","og_title":"Pozu Santa B\u00e1rbara in Mieres launches the installation SPECULUM SMACK art collective - LEV Festival","og_url":"https:\/\/levfestival.com\/el-pozu-santa-barbara-de-mieres-inaugura-la-instalacion-speculum-del-colectivo-de-artistas-smack\/","og_site_name":"LEV Festival","article_published_time":"2025-03-20T06:00:14+00:00","article_modified_time":"2025-06-02T17:33:40+00:00","og_image":[{"width":1200,"height":844,"url":"https:\/\/levfestival.com\/wp-content\/uploads\/2025\/03\/Noticia-Miniatura_smack.jpg","type":"image\/jpeg"}],"author":"Humme","twitter_card":"summary_large_image","twitter_misc":{"Written by":"Humme","Est. reading time":"16 minutes"},"schema":{"@context":"https:\/\/schema.org","@graph":[{"@type":"WebPage","@id":"https:\/\/levfestival.com\/el-pozu-santa-barbara-de-mieres-inaugura-la-instalacion-speculum-del-colectivo-de-artistas-smack\/","url":"https:\/\/levfestival.com\/el-pozu-santa-barbara-de-mieres-inaugura-la-instalacion-speculum-del-colectivo-de-artistas-smack\/","name":"Pozu Santa B\u00e1rbara in Mieres launches the installation SPECULUM SMACK art collective - LEV Festival","isPartOf":{"@id":"https:\/\/levfestival.com\/#website"},"datePublished":"2025-03-20T06:00:14+00:00","dateModified":"2025-06-02T17:33:40+00:00","author":{"@id":"https:\/\/levfestival.com\/#\/schema\/person\/e2142c72a7272670c965c75a56382bcf"},"inLanguage":"en-US","potentialAction":[{"@type":"ReadAction","target":["https:\/\/levfestival.com\/el-pozu-santa-barbara-de-mieres-inaugura-la-instalacion-speculum-del-colectivo-de-artistas-smack\/"]}]},{"@type":"WebSite","@id":"https:\/\/levfestival.com\/#website","url":"https:\/\/levfestival.com\/","name":"LEV Festival","description":"LEV","potentialAction":[{"@type":"SearchAction","target":{"@type":"EntryPoint","urlTemplate":"https:\/\/levfestival.com\/?s={search_term_string}"},"query-input":"required name=search_term_string"}],"inLanguage":"en-US"},{"@type":"Person","@id":"https:\/\/levfestival.com\/#\/schema\/person\/e2142c72a7272670c965c75a56382bcf","name":"Humme","image":{"@type":"ImageObject","inLanguage":"en-US","@id":"https:\/\/levfestival.com\/#\/schema\/person\/image\/","url":"https:\/\/secure.gravatar.com\/avatar\/c27bb9a5fc06001117e06658d7a38b765cd67431eeb3ce3eeb3aedae32d683ee?s=96&d=mm&r=g","contentUrl":"https:\/\/secure.gravatar.com\/avatar\/c27bb9a5fc06001117e06658d7a38b765cd67431eeb3ce3eeb3aedae32d683ee?s=96&d=mm&r=g","caption":"Humme"},"sameAs":["https:\/\/levfestival.com\/lev"],"url":"https:\/\/levfestival.com\/en\/author\/humme\/"}]}},"_links":{"self":[{"href":"https:\/\/levfestival.com\/en\/wp-json\/wp\/v2\/posts\/42188","targetHints":{"allow":["GET"]}}],"collection":[{"href":"https:\/\/levfestival.com\/en\/wp-json\/wp\/v2\/posts"}],"about":[{"href":"https:\/\/levfestival.com\/en\/wp-json\/wp\/v2\/types\/post"}],"author":[{"embeddable":true,"href":"https:\/\/levfestival.com\/en\/wp-json\/wp\/v2\/users\/1"}],"replies":[{"embeddable":true,"href":"https:\/\/levfestival.com\/en\/wp-json\/wp\/v2\/comments?post=42188"}],"version-history":[{"count":20,"href":"https:\/\/levfestival.com\/en\/wp-json\/wp\/v2\/posts\/42188\/revisions"}],"predecessor-version":[{"id":42613,"href":"https:\/\/levfestival.com\/en\/wp-json\/wp\/v2\/posts\/42188\/revisions\/42613"}],"wp:featuredmedia":[{"embeddable":true,"href":"https:\/\/levfestival.com\/en\/wp-json\/wp\/v2\/media\/42235"}],"wp:attachment":[{"href":"https:\/\/levfestival.com\/en\/wp-json\/wp\/v2\/media?parent=42188"}],"wp:term":[{"taxonomy":"category","embeddable":true,"href":"https:\/\/levfestival.com\/en\/wp-json\/wp\/v2\/categories?post=42188"},{"taxonomy":"post_tag","embeddable":true,"href":"https:\/\/levfestival.com\/en\/wp-json\/wp\/v2\/tags?post=42188"}],"curies":[{"name":"wp","href":"https:\/\/api.w.org\/{rel}","templated":true}]}}